{"id":2477,"date":"2025-12-15T05:59:45","date_gmt":"2025-12-15T09:59:45","guid":{"rendered":"https:\/\/diarionews.com.br\/?p=2477"},"modified":"2025-12-15T05:59:52","modified_gmt":"2025-12-15T09:59:52","slug":"motociclista-embriagado-e-conduzido-a-delegacia-apos-acidente-em-alta-floresta","status":"publish","type":"post","link":"https:\/\/diarionews.com.br\/?p=2477","title":{"rendered":"Motociclista embriagado \u00e9 conduzido \u00e0 delegacia ap\u00f3s acidente em Alta Floresta"},"content":{"rendered":"\n<p>Um homem foi conduzido \u00e0 Delegacia Municipal da Pol\u00edcia Judici\u00e1ria Civil ap\u00f3s se envolver em um acidente de tr\u00e2nsito e ser flagrado dirigindo sob a influ\u00eancia de \u00e1lcool, no bairro Bom Jesus, em Alta Floresta. A ocorr\u00eancia foi registrada pelo 8\u00ba Batalh\u00e3o da Pol\u00edcia Militar, vinculado ao 9\u00ba Comando Regional.<\/p>\n\n\n\n<p>De acordo com a Pol\u00edcia Militar, a guarni\u00e7\u00e3o foi acionada pelo Copom para atender a um acidente na avenida Mato Grosso, esquina com a rua 6 de Agosto. No local, os policiais encontraram equipes do Corpo de Bombeiros realizando o atendimento aos envolvidos, enquanto os ve\u00edculos j\u00e1 estavam fora da pista.<\/p>\n\n\n\n<p>Segundo informa\u00e7\u00f5es repassadas no local, o suspeito conduzia uma motocicleta Honda Biz, de cor branca. Ele recusou atendimento m\u00e9dico e n\u00e3o tinha condi\u00e7\u00f5es de assinar o termo de recusa devido ao estado vis\u00edvel de embriaguez. Apesar disso, apresentava les\u00f5es no p\u00e9 e na perna direita.<\/p>\n\n\n\n<p>Submetido ao teste do etil\u00f4metro, foi constatado o \u00edndice de 0,84 miligrama de \u00e1lcool por litro de ar alveolar expelido, valor acima do permitido pela legisla\u00e7\u00e3o de tr\u00e2nsito. A Guarda Municipal de Tr\u00e2nsito tamb\u00e9m compareceu ao local e realizou os procedimentos administrativos relacionados aos ve\u00edculos envolvidos.<\/p>\n\n\n\n<p>Diante da constata\u00e7\u00e3o da embriaguez ao volante, o condutor foi encaminhado \u00e0 Delegacia de Pol\u00edcia Judici\u00e1ria Civil para as provid\u00eancias legais cab\u00edveis.<\/p>\n","protected":false},"excerpt":{"rendered":"<p>Um homem foi conduzido \u00e0 Delegacia Municipal da Pol\u00edcia Judici\u00e1ria Civil ap\u00f3s se envolver em um acidente de tr\u00e2nsito e ser flagrado dirigindo sob a influ\u00eancia de \u00e1lcool, no bairro Bom Jesus, em Alta Floresta. A ocorr\u00eancia foi registrada pelo 8\u00ba Batalh\u00e3o da Pol\u00edcia Militar, vinculado ao 9\u00ba Comando Regional. De acordo com a Pol\u00edcia [&hellip;]<\/p>\n","protected":false},"author":1,"featured_media":980,"comment_status":"open","ping_status":"open","sticky":false,"template":"","format":"standard","meta":{"footnotes":""},"categories":[6,14],"tags":[89,956,344],"class_list":["post-2477","post","type-post","status-publish","format-standard","has-post-thumbnail","hentry","category-local","category-policia","tag-altafloresta","tag-importante","tag-prisao-2"],"_links":{"self":[{"href":"https:\/\/diarionews.com.br\/index.php?rest_route=\/wp\/v2\/posts\/2477","targetHints":{"allow":["GET"]}}],"collection":[{"href":"https:\/\/diarionews.com.br\/index.php?rest_route=\/wp\/v2\/posts"}],"about":[{"href":"https:\/\/diarionews.com.br\/index.php?rest_route=\/wp\/v2\/types\/post"}],"author":[{"embeddable":true,"href":"https:\/\/diarionews.com.br\/index.php?rest_route=\/wp\/v2\/users\/1"}],"replies":[{"embeddable":true,"href":"https:\/\/diarionews.com.br\/index.php?rest_route=%2Fwp%2Fv2%2Fcomments&post=2477"}],"version-history":[{"count":1,"href":"https:\/\/diarionews.com.br\/index.php?rest_route=\/wp\/v2\/posts\/2477\/revisions"}],"predecessor-version":[{"id":2478,"href":"https:\/\/diarionews.com.br\/index.php?rest_route=\/wp\/v2\/posts\/2477\/revisions\/2478"}],"wp:featuredmedia":[{"embeddable":true,"href":"https:\/\/diarionews.com.br\/index.php?rest_route=\/wp\/v2\/media\/980"}],"wp:attachment":[{"href":"https:\/\/diarionews.com.br\/index.php?rest_route=%2Fwp%2Fv2%2Fmedia&parent=2477"}],"wp:term":[{"taxonomy":"category","embeddable":true,"href":"https:\/\/diarionews.com.br\/index.php?rest_route=%2Fwp%2Fv2%2Fcategories&post=2477"},{"taxonomy":"post_tag","embeddable":true,"href":"https:\/\/diarionews.com.br\/index.php?rest_route=%2Fwp%2Fv2%2Ftags&post=2477"}],"curies":[{"name":"wp","href":"https:\/\/api.w.org\/{rel}","templated":true}]}}