{"id":2425,"date":"2025-12-15T05:54:00","date_gmt":"2025-12-15T09:54:00","guid":{"rendered":"https:\/\/diarionews.com.br\/?p=2425"},"modified":"2025-12-12T18:07:22","modified_gmt":"2025-12-12T22:07:22","slug":"sms-estabelece-calendario-de-fim-de-ano-com-rodizio","status":"publish","type":"post","link":"https:\/\/diarionews.com.br\/?p=2425","title":{"rendered":"SMS estabelece \u201ccalend\u00e1rio de fim de ano\u201d, com rod\u00edzio"},"content":{"rendered":"\n<p>A Secretaria Municipal de Sa\u00fade de Alta Floresta (MT) publicou a Portaria n\u00ba 030\/2025, que regulamenta o calend\u00e1rio de fim de ano e estabelece o sistema de rod\u00edzio para garantir o atendimento \u00e0 popula\u00e7\u00e3o durante o per\u00edodo de 22 de dezembro de 2025 a 2 de janeiro de 2026. A medida institui recesso coletivo parcial, mas mant\u00e9m o funcionamento dos servi\u00e7os essenciais.<\/p>\n\n\n\n<p>De acordo com o texto, cada departamento dever\u00e1 organizar a escala dos servidores em regime de rod\u00edzio, assegurando a continuidade do atendimento. As equipes devem encaminhar as escalas ao setor de Recursos Humanos para controle de jornada. A determina\u00e7\u00e3o n\u00e3o se aplica \u00e0 Unidade de Pronto Atendimento Municipal (UPA), que seguir\u00e1 funcionando normalmente.<\/p>\n\n\n\n<p>As unidades de sa\u00fade trabalhar\u00e3o conforme as escalas definidas pelo Departamento de Aten\u00e7\u00e3o B\u00e1sica e publicadas no Anexo I da portaria. Durante o per\u00edodo, o atendimento ser\u00e1 realizado em livre demanda, com o objetivo de evitar preju\u00edzos aos usu\u00e1rios. A portaria tamb\u00e9m esclarece que f\u00e9rias previamente concedidas n\u00e3o ser\u00e3o alteradas.<\/p>\n","protected":false},"excerpt":{"rendered":"<p>A Secretaria Municipal de Sa\u00fade de Alta Floresta (MT) publicou a Portaria n\u00ba 030\/2025, que regulamenta o calend\u00e1rio de fim de ano e estabelece o sistema de rod\u00edzio para garantir o atendimento \u00e0 popula\u00e7\u00e3o durante o per\u00edodo de 22 de dezembro de 2025 a 2 de janeiro de 2026. A medida institui recesso coletivo parcial, [&hellip;]<\/p>\n","protected":false},"author":1,"featured_media":2426,"comment_status":"open","ping_status":"open","sticky":false,"template":"","format":"standard","meta":{"footnotes":""},"categories":[2],"tags":[],"class_list":["post-2425","post","type-post","status-publish","format-standard","has-post-thumbnail","hentry","category-saude"],"_links":{"self":[{"href":"https:\/\/diarionews.com.br\/index.php?rest_route=\/wp\/v2\/posts\/2425","targetHints":{"allow":["GET"]}}],"collection":[{"href":"https:\/\/diarionews.com.br\/index.php?rest_route=\/wp\/v2\/posts"}],"about":[{"href":"https:\/\/diarionews.com.br\/index.php?rest_route=\/wp\/v2\/types\/post"}],"author":[{"embeddable":true,"href":"https:\/\/diarionews.com.br\/index.php?rest_route=\/wp\/v2\/users\/1"}],"replies":[{"embeddable":true,"href":"https:\/\/diarionews.com.br\/index.php?rest_route=%2Fwp%2Fv2%2Fcomments&post=2425"}],"version-history":[{"count":1,"href":"https:\/\/diarionews.com.br\/index.php?rest_route=\/wp\/v2\/posts\/2425\/revisions"}],"predecessor-version":[{"id":2427,"href":"https:\/\/diarionews.com.br\/index.php?rest_route=\/wp\/v2\/posts\/2425\/revisions\/2427"}],"wp:featuredmedia":[{"embeddable":true,"href":"https:\/\/diarionews.com.br\/index.php?rest_route=\/wp\/v2\/media\/2426"}],"wp:attachment":[{"href":"https:\/\/diarionews.com.br\/index.php?rest_route=%2Fwp%2Fv2%2Fmedia&parent=2425"}],"wp:term":[{"taxonomy":"category","embeddable":true,"href":"https:\/\/diarionews.com.br\/index.php?rest_route=%2Fwp%2Fv2%2Fcategories&post=2425"},{"taxonomy":"post_tag","embeddable":true,"href":"https:\/\/diarionews.com.br\/index.php?rest_route=%2Fwp%2Fv2%2Ftags&post=2425"}],"curies":[{"name":"wp","href":"https:\/\/api.w.org\/{rel}","templated":true}]}}