{"id":2400,"date":"2025-12-15T06:05:00","date_gmt":"2025-12-15T10:05:00","guid":{"rendered":"https:\/\/diarionews.com.br\/?p=2400"},"modified":"2025-12-12T16:42:42","modified_gmt":"2025-12-12T20:42:42","slug":"justica-nega-hc-preventivo-para-tecnica-de-enfermagem","status":"publish","type":"post","link":"https:\/\/diarionews.com.br\/?p=2400","title":{"rendered":"Justi\u00e7a nega HC preventivo para t\u00e9cnica de enfermagem"},"content":{"rendered":"\n<h3 class=\"wp-block-heading has-text-align-center\"><em><strong>Defesa tentava impedir pris\u00e3o preventiva e proibi\u00e7\u00e3o de busca e apreens\u00e3o em sua resid\u00eancia; Apesar da liminar negada para Raiza, justi\u00e7a concedeu benef\u00edcio a m\u00e9dica Juliana Brasil<\/strong><\/em><\/h3>\n\n\n\n<p>O&nbsp;<strong>Tribunal de Justi\u00e7a do Estado do Amazonas<\/strong>&nbsp;(TJ-AM)&nbsp;<strong>negou o habeas corpus preventivo<\/strong>&nbsp;impetrado pela defesa de Raiza Bentes Praia, t\u00e9cnica de enfermagem&nbsp;<strong>investigada pela morte de Ben\u00edcio Xavier de Freitas<\/strong>, de seis anos, por erro m\u00e9dico no Hospital Santa J\u00falia, em Manaus. A decis\u00e3o foi assinada no \u00faltimo dia 2 de dezembro, pelo desembargador Abraham Peixoto Campos Filho.<\/p>\n\n\n\n<p>A crian\u00e7a, que tinha apenas seis anos,&nbsp;<strong>faleceu na madrugada do \u00faltimo dia 23 de novembro<\/strong>, ap\u00f3s receber uma&nbsp;<a href=\"https:\/\/www.cnnbrasil.com.br\/nacional\/norte\/am\/policia-investiga-morte-de-crianca-que-recebeu-adrenalina-na-veia-em-manaus\/\" target=\"_blank\" rel=\"noreferrer noopener\">dose intravenosa de adrenalina<\/a>&nbsp;receitada pela m\u00e9dica&nbsp;<strong>Juliana Brasil<\/strong>&nbsp;e aplicado por Raiza.<\/p>\n\n\n\n<p>Os advogados solicitaram o habeas corpus \u00e0 Justi\u00e7a para impedir qualquer decreto de pris\u00e3o preventiva e proibir a expedi\u00e7\u00e3o de mandados de busca e apreens\u00e3o na resid\u00eancia da investigada,&nbsp;<strong>alegando n\u00e3o haver motivos para a deten\u00e7\u00e3o<\/strong>&nbsp;e que o mesmo benef\u00edcio&nbsp;<a href=\"https:\/\/www.cnnbrasil.com.br\/nacional\/norte\/am\/caso-benicio-justica-nega-pedido-de-prisao-apos-medica-apresentar-video\/\" target=\"_blank\" rel=\"noreferrer noopener\"><strong>foi estendido a Juliana Brasil.<\/strong><\/a><\/p>\n\n\n\n<p>No entanto, o magistrado afirma que as&nbsp;<a href=\"https:\/\/www.cnnbrasil.com.br\/nacional\/norte\/am\/caso-benicio-policia-quer-saber-por-que-versao-de-medica-mudou-entenda\/\" target=\"_blank\" rel=\"noreferrer noopener\">situa\u00e7\u00f5es das duas profissionais s\u00e3o diferentes<\/a>, visto que, apesar da m\u00e9dica receitar, a t\u00e9cnica executou diretamente a aplica\u00e7\u00e3o mesmo sendo alertada pela m\u00e3e da crian\u00e7a, n\u00e3o realizando as checagens obrigat\u00f3rias e tendo conhecimento de que a via intravenosa n\u00e3o era adequada naquela situa\u00e7\u00e3o.<\/p>\n\n\n\n<p><em>\u201cCabe ainda registrar que o fato investigado, consistente na morte de uma crian\u00e7a de seis anos dentro de um hospital particular, supostamente em decorr\u00eancia de erro grave na administra\u00e7\u00e3o de medica\u00e7\u00e3o, provocou relevante como\u00e7\u00e3o social e expressivo clamor p\u00fablico, amplamente repercutido pela imprensa nacional. A gravidade concreta da conduta atribu\u00edda \u00e0 Paciente, que, em tese, violou a confian\u00e7a \u00ednsita ao exerc\u00edcio da enfermagem ao aplicar a subst\u00e2ncia letal em via e dosagem inadequadas, mesmo diante do dever de checagem, pode justificar, em determinado momento da investiga\u00e7\u00e3o, uma resposta estatal de maior envergadura.\u201d<\/em><\/p>\n\n\n<div class=\"wp-block-image\">\n<figure class=\"aligncenter size-full\"><img loading=\"lazy\" decoding=\"async\" width=\"729\" height=\"413\" src=\"https:\/\/diarionews.com.br\/wp-content\/uploads\/2025\/12\/CASO-BENICI.jpg\" alt=\"\" class=\"wp-image-2369\" srcset=\"https:\/\/diarionews.com.br\/wp-content\/uploads\/2025\/12\/CASO-BENICI.jpg 729w, https:\/\/diarionews.com.br\/wp-content\/uploads\/2025\/12\/CASO-BENICI-300x170.jpg 300w, https:\/\/diarionews.com.br\/wp-content\/uploads\/2025\/12\/CASO-BENICI-150x85.jpg 150w, https:\/\/diarionews.com.br\/wp-content\/uploads\/2025\/12\/CASO-BENICI-696x394.jpg 696w\" sizes=\"auto, (max-width: 729px) 100vw, 729px\" \/><\/figure><\/div>\n\n\n<p>Na liminar negada, o desembargador tamb\u00e9m cita a gravidade do ocorrido, afirmando que o caso provocou &#8220;como\u00e7\u00e3o social&#8221; e ganhou repercuss\u00e3o nacional, refor\u00e7ando&nbsp;<strong>a necessidade da &#8220;cautela&#8221;<\/strong>&nbsp;para n\u00e3o comprometer a colheita das provas.<\/p>\n\n\n\n<p>&#8220;Como consequ\u00eancia, a liberta\u00e7\u00e3o irrestrita da Paciente, neste est\u00e1gio inicial da persecu\u00e7\u00e3o penal, pode comprometer a colheita de outros elementos indici\u00e1rios, bem como de depoimentos de membros da equipe hospitalar e de testemunhas, colocando em risco a adequada reconstru\u00e7\u00e3o da verdade real&#8221;, diz a decis\u00e3o.<\/p>\n\n\n\n<p>Al\u00e9m do crime<a href=\"https:\/\/www.cnnbrasil.com.br\/nacional\/norte\/am\/caso-benicio-medica-assumiu-erro-e-depois-tentou-alterar-prescricao\/\" target=\"_blank\" rel=\"noreferrer noopener\">&nbsp;de homic\u00eddio qualificado<\/a>, a t\u00e9cnica \u00e9 investigada por falsidade ideol\u00f3gica e uso de documento falso.<\/p>\n\n\n\n<h2 class=\"wp-block-heading\">Andamento das Investiga\u00e7\u00f5es<\/h2>\n\n\n\n<p>Em entrevista ao&nbsp;<strong>CNN Novo Dia<\/strong>, o delegado Marcelo Martins, respons\u00e1vel pelo caso,&nbsp;<a href=\"https:\/\/www.cnnbrasil.com.br\/nacional\/norte\/am\/caso-benicio-delegado-detalha-a-cnn-andamento-da-investigacao\/\" target=\"_blank\" rel=\"noreferrer noopener\">detalhou os rumos da apura\u00e7\u00e3o e apontou falhas sistem\u00e1ticas que teriam levado \u00e0 morte da crian\u00e7a.<\/a><\/p>\n\n\n\n<p>Segundo o delegado, a investiga\u00e7\u00e3o j\u00e1 pode afirmar que houve um erro sist\u00eamico envolvendo diversos profissionais de sa\u00fade do hospital. Entre as principais falhas identificadas est\u00e1 a prescri\u00e7\u00e3o incorreta de adrenalina por via endovenosa, feita pela m\u00e9dica Juliana Brasil Santos, quando o medicamento deveria ser administrado por nebuliza\u00e7\u00e3o.<\/p>\n\n\n\n<p>Segundo Marcelo, o Tribunal de Justi\u00e7a do Amazonas concedeu habeas corpus \u00e0 m\u00e9dica por entender que ela n\u00e3o teria&nbsp;<a href=\"https:\/\/www.cnnbrasil.com.br\/nacional\/norte\/am\/caso-benicio-o-que-se-sabe-sobre-morte-de-menino-por-adrenalina-na-veia\/\" target=\"_blank\" rel=\"noreferrer noopener\">errado na prescri\u00e7\u00e3o do medicamento<\/a>. A defesa de Juliana Brasil apresentou como prova um v\u00eddeo que mostraria o sistema hospitalar trocando automaticamente a via de administra\u00e7\u00e3o do medicamento.<\/p>\n\n\n\n<p>As duas profissionais foram afastadas de suas fun\u00e7\u00f5es no Hospital Santa J\u00falia.<\/p>\n\n\n\n<h2 class=\"wp-block-heading\">Depoimentos e contradi\u00e7\u00f5es<\/h2>\n\n\n\n<p>Em depoimento \u00e0 pol\u00edcia, a t\u00e9cnica de enfermagem Ra\u00edza Bentes Praia, que&nbsp;<a href=\"https:\/\/www.cnnbrasil.com.br\/nacional\/norte\/am\/policia-investiga-morte-de-crianca-que-recebeu-adrenalina-na-veia-em-manaus\/\" target=\"_blank\" rel=\"noreferrer noopener\">administrou 9 miligramas de adrenalina via intravenosa na crian\u00e7a,<\/a>&nbsp;declarou que n\u00e3o recebeu treinamento ou orienta\u00e7\u00e3o sobre a implementa\u00e7\u00e3o desses protocolos no Hospital Santa J\u00falia.<\/p>\n\n\n\n<p>Ra\u00edza trabalhava na institui\u00e7\u00e3o h\u00e1 sete meses, e afirmou desconhecer o protocolo intitulado como &#8220;Doze Certos da Medica\u00e7\u00e3o&#8221; e ressaltou em depoimento que &#8220;ningu\u00e9m do hospital jamais a questionou sobre a implementa\u00e7\u00e3o de tal protocolo de trabalho&#8221;.<\/p>\n\n\n\n<p>Outros membros da equipe de enfermagem, no entanto, afirmaram \u00e0 pol\u00edcia ter conhecimento da exist\u00eancia dos protocolos,&nbsp;<a href=\"https:\/\/www.cnnbrasil.com.br\/nacional\/caso-benicio-testemunha-alega-que-avisou-erro-para-colega\/\" target=\"_blank\" rel=\"noreferrer noopener\">mas indicaram a falha no cumprimento da rotina no setor de Pronto Socorro Pedi\u00e1trico.&nbsp;<\/a><\/p>\n\n\n\n<p>Outra t\u00e9cnica de enfermagem ouvida declarou ter ci\u00eancia da ado\u00e7\u00e3o dos protocolos de seguran\u00e7a, mas pontuou que tais checagens n\u00e3o s\u00e3o cumpridas no pronto-socorro, apenas na UTI.<\/p>\n\n\n\n<p>O enfermeiro-chefe, por sua vez, mencionou que a t\u00e9cnica foi, sim, treinada e informada sobre o protocolo.<\/p>\n\n\n\n<p><em>*Sob supervis\u00e3o de Felipe Andrade<\/em><\/p>\n\n\n\n<p><a href=\"https:\/\/www.cnnbrasil.com.br\/autor\/yasmin-silvestre\/\" target=\"_blank\" rel=\"noopener\">Yasmin Silvestre<\/a>,&nbsp;<a href=\"https:\/\/www.cnnbrasil.com.br\/autor\/felipe-andrade\/\" target=\"_blank\" rel=\"noopener\">Felipe Andrade<\/a>, da CNN Brasil,<\/p>\n","protected":false},"excerpt":{"rendered":"<p>Defesa tentava impedir pris\u00e3o preventiva e proibi\u00e7\u00e3o de busca e apreens\u00e3o em sua resid\u00eancia; Apesar da liminar negada para Raiza, justi\u00e7a concedeu benef\u00edcio a m\u00e9dica Juliana Brasil O&nbsp;Tribunal de Justi\u00e7a do Estado do Amazonas&nbsp;(TJ-AM)&nbsp;negou o habeas corpus preventivo&nbsp;impetrado pela defesa de Raiza Bentes Praia, t\u00e9cnica de enfermagem&nbsp;investigada pela morte de Ben\u00edcio Xavier de Freitas, de [&hellip;]<\/p>\n","protected":false},"author":3,"featured_media":2370,"comment_status":"open","ping_status":"open","sticky":false,"template":"","format":"standard","meta":{"footnotes":""},"categories":[12],"tags":[],"class_list":["post-2400","post","type-post","status-publish","format-standard","has-post-thumbnail","hentry","category-nacionais"],"_links":{"self":[{"href":"https:\/\/diarionews.com.br\/index.php?rest_route=\/wp\/v2\/posts\/2400","targetHints":{"allow":["GET"]}}],"collection":[{"href":"https:\/\/diarionews.com.br\/index.php?rest_route=\/wp\/v2\/posts"}],"about":[{"href":"https:\/\/diarionews.com.br\/index.php?rest_route=\/wp\/v2\/types\/post"}],"author":[{"embeddable":true,"href":"https:\/\/diarionews.com.br\/index.php?rest_route=\/wp\/v2\/users\/3"}],"replies":[{"embeddable":true,"href":"https:\/\/diarionews.com.br\/index.php?rest_route=%2Fwp%2Fv2%2Fcomments&post=2400"}],"version-history":[{"count":1,"href":"https:\/\/diarionews.com.br\/index.php?rest_route=\/wp\/v2\/posts\/2400\/revisions"}],"predecessor-version":[{"id":2401,"href":"https:\/\/diarionews.com.br\/index.php?rest_route=\/wp\/v2\/posts\/2400\/revisions\/2401"}],"wp:featuredmedia":[{"embeddable":true,"href":"https:\/\/diarionews.com.br\/index.php?rest_route=\/wp\/v2\/media\/2370"}],"wp:attachment":[{"href":"https:\/\/diarionews.com.br\/index.php?rest_route=%2Fwp%2Fv2%2Fmedia&parent=2400"}],"wp:term":[{"taxonomy":"category","embeddable":true,"href":"https:\/\/diarionews.com.br\/index.php?rest_route=%2Fwp%2Fv2%2Fcategories&post=2400"},{"taxonomy":"post_tag","embeddable":true,"href":"https:\/\/diarionews.com.br\/index.php?rest_route=%2Fwp%2Fv2%2Ftags&post=2400"}],"curies":[{"name":"wp","href":"https:\/\/api.w.org\/{rel}","templated":true}]}}