{"id":2398,"date":"2025-12-15T06:00:00","date_gmt":"2025-12-15T10:00:00","guid":{"rendered":"https:\/\/diarionews.com.br\/?p=2398"},"modified":"2025-12-12T16:41:32","modified_gmt":"2025-12-12T20:41:32","slug":"centro-oeste-recebera-r-146-bilhoes-do-fco-em-2026-mato-grosso-segue-como-destaque-nos-financiamentos","status":"publish","type":"post","link":"https:\/\/diarionews.com.br\/?p=2398","title":{"rendered":"Centro-Oeste receber\u00e1 R$ 14,6 bilh\u00f5es do FCO em 2026; Mato Grosso segue como destaque nos financiamentos"},"content":{"rendered":"\n<h3 class=\"wp-block-heading has-text-align-center\"><em><strong>O Centro-Oeste ter\u00e1 R$ 14,6 bilh\u00f5es do FCO em 2026, aumento de 17,3% para impulsionar a economia regional. Mato Grosso segue entre os maiores destinos de cr\u00e9dito e o FCO Mulher cresce 410%.<\/strong><\/em><\/h3>\n\n\n\n<p>O desenvolvimento econ\u00f4mico da regi\u00e3o Centro-Oeste ganhar\u00e1 novo refor\u00e7o em 2026. O Conselho Deliberativo da Superintend\u00eancia do Desenvolvimento do Centro-Oeste (<strong>Condel\/Sudeco<\/strong>) aprovou um&nbsp;<strong>aumento de 17,3%<\/strong>&nbsp;no or\u00e7amento do&nbsp;<strong>Fundo Constitucional de Financiamento do Centro-Oeste (FCO)<\/strong>, ampliando os recursos dispon\u00edveis de R$ 12,4 bilh\u00f5es para&nbsp;<strong>R$ 14,6 bilh\u00f5es<\/strong>.<\/p>\n\n\n\n<p>A decis\u00e3o foi tomada no in\u00edcio de dezembro, em Bras\u00edlia, e marca um dos maiores volumes de cr\u00e9dito da hist\u00f3ria do fundo, criado para estimular atividades produtivas, reduzir desigualdades regionais e fortalecer cadeias estrat\u00e9gicas da&nbsp;<a href=\"https:\/\/cenariomt.com.br\/economia\/\" target=\"_blank\" rel=\"noopener\">economia<\/a>.<\/p>\n\n\n\n<h2 class=\"wp-block-heading\"><strong>Mato Grosso manteve forte presen\u00e7a nos financiamentos de 2025<\/strong><\/h2>\n\n\n\n<p>O balan\u00e7o apresentado pela Sudeco mostra que o Centro-Oeste recebeu, at\u00e9 outubro de 2025,&nbsp;<strong>R$ 11 bilh\u00f5es<\/strong>&nbsp;em financiamentos distribu\u00eddos entre os quatro estados da regi\u00e3o.<\/p>\n\n\n\n<p>Os estados que mais receberam recursos foram:<\/p>\n\n\n\n<ul class=\"wp-block-list\">\n<li><strong>Goi\u00e1s:<\/strong>\u00a0R$ 3,4 bilh\u00f5es<\/li>\n\n\n\n<li><strong>Mato Grosso:<\/strong>\u00a0R$ 3,4 bilh\u00f5es (2\u00ba maior destino do FCO)<\/li>\n\n\n\n<li><strong>Mato Grosso do Sul:<\/strong>\u00a0R$ 2,8 bilh\u00f5es<\/li>\n\n\n\n<li><strong>Distrito Federal:<\/strong>\u00a0R$ 1,2 bilh\u00e3o<\/li>\n<\/ul>\n\n\n\n<p>Os financiamentos envolveram&nbsp;<strong>26,9 mil opera\u00e7\u00f5es<\/strong>, alcan\u00e7ando&nbsp;<strong>99% dos munic\u00edpios<\/strong>&nbsp;da regi\u00e3o. O desempenho refor\u00e7a a relev\u00e2ncia do fundo no fomento a setores como agroind\u00fastria, infraestrutura, inova\u00e7\u00e3o, pequenos neg\u00f3cios e energias sustent\u00e1veis.<\/p>\n\n\n\n<p>Para o secret\u00e1rio-executivo do Minist\u00e9rio da Integra\u00e7\u00e3o e do Desenvolvimento Regional (<strong>MIDR<\/strong>), Valder Ribeiro, o aumento aprovado reflete melhorias na governan\u00e7a do fundo:<\/p>\n\n\n\n<p><em>\u201cVamos passar de pouco mais de R$ 12,4 bilh\u00f5es para R$ 14,6 bilh\u00f5es em aplica\u00e7\u00f5es do FCO. Os n\u00fameros demonstram a efici\u00eancia e o compromisso da Sudeco em fortalecer quem mais precisa.\u201d<\/em><strong><\/strong><\/p>\n\n\n\n<p>A superintendente da Sudeco,&nbsp;<strong>Luciana Barros<\/strong>, refor\u00e7ou a import\u00e2ncia do fundo no combate \u00e0s desigualdades regionais:<\/p>\n\n\n\n<p><em>\u201cMesmo no Centro-Oeste, muitas vezes visto como uma regi\u00e3o rica, ainda h\u00e1 disparidades importantes. Nosso foco \u00e9 diversificar cadeias produtivas e aprimorar o direcionamento das pol\u00edticas p\u00fablicas.\u201d<\/em><strong><\/strong><\/p>\n\n\n\n<h2 class=\"wp-block-heading\"><strong>FCO Mulher cresce 410% e se torna destaque social do ano<\/strong><\/h2>\n\n\n\n<p>Um dos principais avan\u00e7os de 2025 foi o desempenho do&nbsp;<strong>FCO Mulheres Empreendedoras<\/strong>, linha dedicada ao cr\u00e9dito para neg\u00f3cios liderados por mulheres.<br>O programa registrou:<\/p>\n\n\n\n<ul class=\"wp-block-list\">\n<li><strong>Crescimento de 410%<\/strong>\u00a0em rela\u00e7\u00e3o a 2024<\/li>\n\n\n\n<li><strong>R$ 2,2 bilh\u00f5es contratados<\/strong>\u00a0entre janeiro e outubro<\/li>\n\n\n\n<li><strong>21% do total aplicado pelo FCO no ano<\/strong><\/li>\n\n\n\n<li>A superintendente Luciana Barros destacou que o avan\u00e7o revela o potencial econ\u00f4mico feminino:<\/li>\n<\/ul>\n\n\n\n<p><em>\u201cO crescimento mostra a for\u00e7a do empreendedorismo das mulheres e a import\u00e2ncia de ampliar o acesso ao cr\u00e9dito para elas.\u201d<\/em><\/p>\n\n\n\n<h2 class=\"wp-block-heading\"><strong>Contrata\u00e7\u00f5es ultrapassam R$ 10,5 bilh\u00f5es em 2025<\/strong><\/h2>\n\n\n\n<p>No balan\u00e7o parcial apresentado pelo Condel\/Sudeco, foram destaques:<\/p>\n\n\n\n<ul class=\"wp-block-list\">\n<li><strong>R$ 10,5 bilh\u00f5es<\/strong>\u00a0contratados entre janeiro e outubro<\/li>\n\n\n\n<li><strong>76,8% dos recursos<\/strong>\u00a0destinados a\u00a0<strong>pequenos produtores e pequenos neg\u00f3cios<\/strong><\/li>\n\n\n\n<li>Aplica\u00e7\u00e3o recorde no\u00a0<strong>Pronaf<\/strong>\u00a0(linhas A, A\/C, B e demais):\u00a0<strong>R$ 617 milh\u00f5es<\/strong><\/li>\n\n\n\n<li>Crescimento da linha\u00a0<strong>FCO Irriga\u00e7\u00e3o<\/strong>: R$ 307 milh\u00f5es<\/li>\n\n\n\n<li>Forte procura pelo\u00a0<strong>FCO Verde<\/strong>, com R$ 1,5 bilh\u00e3o contratados<\/li>\n<\/ul>\n\n\n\n<p>Esses n\u00fameros mostram a diversifica\u00e7\u00e3o dos investimentos e a amplia\u00e7\u00e3o de pol\u00edticas voltadas \u00e0 sustentabilidade, inova\u00e7\u00e3o e agricultura familiar.<\/p>\n\n\n\n<h2 class=\"wp-block-heading\"><strong>O papel do Condel\/Sudeco no desenvolvimento regional<\/strong><\/h2>\n\n\n\n<p>O Condel \u00e9 respons\u00e1vel por:<\/p>\n\n\n\n<ul class=\"wp-block-list\">\n<li>Definir diretrizes e prioridades do FCO<\/li>\n\n\n\n<li>Avaliar resultados dos financiamentos<\/li>\n\n\n\n<li>Deliberar sobre pol\u00edticas de desenvolvimento econ\u00f4mico para os estados da regi\u00e3o<\/li>\n\n\n\n<li>Supervisionar a aplica\u00e7\u00e3o dos recursos e garantir que cheguem a quem mais precisa<\/li>\n<\/ul>\n\n\n\n<h2 class=\"wp-block-heading\"><strong>Impacto esperado para 2026<\/strong><\/h2>\n\n\n\n<p>Com o novo or\u00e7amento de&nbsp;<strong>R$ 14,6 bilh\u00f5es<\/strong>, a expectativa \u00e9 de:<\/p>\n\n\n\n<ul class=\"wp-block-list\">\n<li>Maior inclus\u00e3o produtiva de pequenos empreendedores<\/li>\n\n\n\n<li>Expans\u00e3o de projetos de irriga\u00e7\u00e3o e sustentabilidade<\/li>\n\n\n\n<li>Impulso ao agroneg\u00f3cio e \u00e0s cadeias industriais regionais<\/li>\n\n\n\n<li>Redu\u00e7\u00e3o das desigualdades internas na regi\u00e3o<\/li>\n\n\n\n<li>Expans\u00e3o de investimentos em inova\u00e7\u00e3o e transi\u00e7\u00e3o energ\u00e9tica<\/li>\n<\/ul>\n\n\n\n<p>O aumento do FCO prepara o Centro-Oeste para um ciclo de crescimento ainda mais robusto em 2026, com impacto direto em&nbsp;<a href=\"https:\/\/cenariomt.com.br\/mato-grosso\/\" target=\"_blank\" rel=\"noopener\">Mato Grosso<\/a>, Mato Grosso do Sul, Goi\u00e1s e Distrito Federal<\/p>\n\n\n\n<p><a href=\"https:\/\/cenariomt.com.br\/author\/rodrigo\/\" target=\"_blank\" rel=\"noopener\">Rodrigo Lampugnani<\/a><br>Cen\u00e1rio MT<\/p>\n","protected":false},"excerpt":{"rendered":"<p>O Centro-Oeste ter\u00e1 R$ 14,6 bilh\u00f5es do FCO em 2026, aumento de 17,3% para impulsionar a economia regional. Mato Grosso segue entre os maiores destinos de cr\u00e9dito e o FCO Mulher cresce 410%. O desenvolvimento econ\u00f4mico da regi\u00e3o Centro-Oeste ganhar\u00e1 novo refor\u00e7o em 2026. O Conselho Deliberativo da Superintend\u00eancia do Desenvolvimento do Centro-Oeste (Condel\/Sudeco) aprovou [&hellip;]<\/p>\n","protected":false},"author":3,"featured_media":2372,"comment_status":"open","ping_status":"open","sticky":false,"template":"","format":"standard","meta":{"footnotes":""},"categories":[20],"tags":[],"class_list":["post-2398","post","type-post","status-publish","format-standard","has-post-thumbnail","hentry","category-economia"],"_links":{"self":[{"href":"https:\/\/diarionews.com.br\/index.php?rest_route=\/wp\/v2\/posts\/2398","targetHints":{"allow":["GET"]}}],"collection":[{"href":"https:\/\/diarionews.com.br\/index.php?rest_route=\/wp\/v2\/posts"}],"about":[{"href":"https:\/\/diarionews.com.br\/index.php?rest_route=\/wp\/v2\/types\/post"}],"author":[{"embeddable":true,"href":"https:\/\/diarionews.com.br\/index.php?rest_route=\/wp\/v2\/users\/3"}],"replies":[{"embeddable":true,"href":"https:\/\/diarionews.com.br\/index.php?rest_route=%2Fwp%2Fv2%2Fcomments&post=2398"}],"version-history":[{"count":1,"href":"https:\/\/diarionews.com.br\/index.php?rest_route=\/wp\/v2\/posts\/2398\/revisions"}],"predecessor-version":[{"id":2399,"href":"https:\/\/diarionews.com.br\/index.php?rest_route=\/wp\/v2\/posts\/2398\/revisions\/2399"}],"wp:featuredmedia":[{"embeddable":true,"href":"https:\/\/diarionews.com.br\/index.php?rest_route=\/wp\/v2\/media\/2372"}],"wp:attachment":[{"href":"https:\/\/diarionews.com.br\/index.php?rest_route=%2Fwp%2Fv2%2Fmedia&parent=2398"}],"wp:term":[{"taxonomy":"category","embeddable":true,"href":"https:\/\/diarionews.com.br\/index.php?rest_route=%2Fwp%2Fv2%2Fcategories&post=2398"},{"taxonomy":"post_tag","embeddable":true,"href":"https:\/\/diarionews.com.br\/index.php?rest_route=%2Fwp%2Fv2%2Ftags&post=2398"}],"curies":[{"name":"wp","href":"https:\/\/api.w.org\/{rel}","templated":true}]}}