{"id":2396,"date":"2025-12-15T05:55:00","date_gmt":"2025-12-15T09:55:00","guid":{"rendered":"https:\/\/diarionews.com.br\/?p=2396"},"modified":"2025-12-12T16:40:29","modified_gmt":"2025-12-12T20:40:29","slug":"ser-familia-capacita-forma-novos-eletricistas-industriais-e-abre-portas-no-mercado-de-trabalho","status":"publish","type":"post","link":"https:\/\/diarionews.com.br\/?p=2396","title":{"rendered":"SER Fam\u00edlia Capacita forma novos eletricistas industriais e abre portas no mercado de trabalho"},"content":{"rendered":"\n<h3 class=\"wp-block-heading has-text-align-center\"><em><strong>Iniciativa do Governo de Mato Grosso formou 15 eletricistas industriais e fortalece a gera\u00e7\u00e3o de renda no munic\u00edpio<\/strong><\/em><\/h3>\n\n\n\n<p>A Secretaria de Estado de Assist\u00eancia Social e Cidadania (Setasc) certificou mais 15 alunos formados no curso de Eletricista Industrial, ofertado gratuitamente pelo Programa SER Fam\u00edlia Capacita, idealizado pela primeira-dama de Mato Grosso, Virginia Mendes. A qualifica\u00e7\u00e3o foi realizada em parceria com o Servi\u00e7o Nacional de Aprendizagem Industrial (Senai-MT), refer\u00eancia nacional em educa\u00e7\u00e3o profissional.<\/p>\n\n\n\n<p>Durante a cerim\u00f4nia, os formandos destacaram a qualidade do curso, que tem possibilitado novas oportunidades de emprego e gera\u00e7\u00e3o de renda.<\/p>\n\n\n\n<p>Para o aluno Olisses Amadeu Sim\u00e3o, que j\u00e1 atuava como eletricista predial, a capacita\u00e7\u00e3o representou um passo importante na carreira.&nbsp;<\/p>\n\n\n\n<p>\u201cO curso \u00e9 maravilhoso, de alta excel\u00eancia. Sempre tive vontade de faz\u00ea-lo. As aulas foram muito boas e o aprendizado, excelente. \u00c9 uma oportunidade que muitos n\u00e3o teriam condi\u00e7\u00f5es de pagar, mas com o apoio do governo isso se torna poss\u00edvel. O aprendizado \u00e9 nota 10\u201d, afirmou.<\/p>\n\n\n\n<p>O secret\u00e1rio de Assist\u00eancia Social e Cidadania do Estado, Klebson Gomes, destacou que a certifica\u00e7\u00e3o de novos profissionais refor\u00e7a o papel do Governo de Mato Grosso na promo\u00e7\u00e3o da inclus\u00e3o social por meio da qualifica\u00e7\u00e3o.<\/p>\n\n\n\n<p>\u201cO Programa SER Fam\u00edlia Capacita \u00e9 uma pol\u00edtica p\u00fablica que transforma realidades. Quando entregamos um certificado como este, n\u00e3o estamos apenas concluindo um curso, estamos abrindo caminhos para que essas pessoas ingressem no mercado de trabalho com mais seguran\u00e7a, qualidade e dignidade. A determina\u00e7\u00e3o dos alunos e a parceria com o Senai demonstram que investir em capacita\u00e7\u00e3o \u00e9 investir no futuro das fam\u00edlias mato-grossenses. Parabenizo cada um dos formandos por essa conquista e reafirmo o compromisso da Setasc em ampliar ainda mais essas oportunidades em todo o Estado\u201d, declarou.&nbsp;<\/p>\n\n\n\n<p>O formando Wallamy Augusto Lima da Silva ressaltou que o curso marcou uma retomada profissional ap\u00f3s anos afastado da \u00e1rea.&nbsp;<\/p>\n\n\n\n<p>\u201cEste curso foi de grande import\u00e2ncia. Eu j\u00e1 havia trabalhado com eletricidade, mas meus conhecimentos estavam desatualizados, de 10 a 15 anos atr\u00e1s. As aulas organizaram minhas ideias e me deram confian\u00e7a para retornar \u00e0 \u00e1rea da el\u00e9trica. Hoje, estou atuando novamente e ingressando na \u00e1rea industrial\u201d, disse.<\/p>\n\n\n\n<p>A parceria entre o Governo do Estado e o Senai tem ampliado o acesso \u00e0 qualifica\u00e7\u00e3o profissional em diversos munic\u00edpios.&nbsp;De acordo com Scheila Santos, gerente operacional da Unidade Senai de Alta Floresta, o programa tem impacto direto na vida dos participantes e no desenvolvimento local.&nbsp;<\/p>\n\n\n\n<p>\u201cO SER Fam\u00edlia Capacita oferece \u00e0s pessoas a oportunidade de se qualificar e conquistar novas oportunidades nas empresas onde j\u00e1 trabalham, alcan\u00e7ar promo\u00e7\u00f5es ou buscar novas vagas no mercado. Em Alta Floresta, o impacto tem sido significativo. Hoje, certificamos 15 novos eletricistas industriais, uma \u00e1rea com alta demanda. Isso transforma vidas, gera renda e amplia as oportunidades de trabalho\u201d, destacou.<\/p>\n\n\n\n<p>O Programa SER Fam\u00edlia Capacita j\u00e1 alcan\u00e7ou mais de 34 mil matr\u00edculas em todo o estado e segue ampliando sua atua\u00e7\u00e3o em Mato Grosso, oferecendo cursos gratuitos e de alta qualidade, contribuindo para o fortalecimento profissional da popula\u00e7\u00e3o e impulsionando o desenvolvimento econ\u00f4mico dos munic\u00edpios.<\/p>\n\n\n\n<p>Layse \u00c1vila&nbsp;|&nbsp;Setasc-MT<\/p>\n","protected":false},"excerpt":{"rendered":"<p>Iniciativa do Governo de Mato Grosso formou 15 eletricistas industriais e fortalece a gera\u00e7\u00e3o de renda no munic\u00edpio A Secretaria de Estado de Assist\u00eancia Social e Cidadania (Setasc) certificou mais 15 alunos formados no curso de Eletricista Industrial, ofertado gratuitamente pelo Programa SER Fam\u00edlia Capacita, idealizado pela primeira-dama de Mato Grosso, Virginia Mendes. A qualifica\u00e7\u00e3o [&hellip;]<\/p>\n","protected":false},"author":3,"featured_media":2373,"comment_status":"open","ping_status":"open","sticky":false,"template":"","format":"standard","meta":{"footnotes":""},"categories":[6],"tags":[],"class_list":["post-2396","post","type-post","status-publish","format-standard","has-post-thumbnail","hentry","category-local"],"_links":{"self":[{"href":"https:\/\/diarionews.com.br\/index.php?rest_route=\/wp\/v2\/posts\/2396","targetHints":{"allow":["GET"]}}],"collection":[{"href":"https:\/\/diarionews.com.br\/index.php?rest_route=\/wp\/v2\/posts"}],"about":[{"href":"https:\/\/diarionews.com.br\/index.php?rest_route=\/wp\/v2\/types\/post"}],"author":[{"embeddable":true,"href":"https:\/\/diarionews.com.br\/index.php?rest_route=\/wp\/v2\/users\/3"}],"replies":[{"embeddable":true,"href":"https:\/\/diarionews.com.br\/index.php?rest_route=%2Fwp%2Fv2%2Fcomments&post=2396"}],"version-history":[{"count":1,"href":"https:\/\/diarionews.com.br\/index.php?rest_route=\/wp\/v2\/posts\/2396\/revisions"}],"predecessor-version":[{"id":2397,"href":"https:\/\/diarionews.com.br\/index.php?rest_route=\/wp\/v2\/posts\/2396\/revisions\/2397"}],"wp:featuredmedia":[{"embeddable":true,"href":"https:\/\/diarionews.com.br\/index.php?rest_route=\/wp\/v2\/media\/2373"}],"wp:attachment":[{"href":"https:\/\/diarionews.com.br\/index.php?rest_route=%2Fwp%2Fv2%2Fmedia&parent=2396"}],"wp:term":[{"taxonomy":"category","embeddable":true,"href":"https:\/\/diarionews.com.br\/index.php?rest_route=%2Fwp%2Fv2%2Fcategories&post=2396"},{"taxonomy":"post_tag","embeddable":true,"href":"https:\/\/diarionews.com.br\/index.php?rest_route=%2Fwp%2Fv2%2Ftags&post=2396"}],"curies":[{"name":"wp","href":"https:\/\/api.w.org\/{rel}","templated":true}]}}