{"id":2154,"date":"2025-12-09T06:48:12","date_gmt":"2025-12-09T10:48:12","guid":{"rendered":"https:\/\/diarionews.com.br\/?p=2154"},"modified":"2025-12-09T06:48:13","modified_gmt":"2025-12-09T10:48:13","slug":"cruzeiro-corinthians-vasco-e-fluminense-focam-na-copa-do-brasil","status":"publish","type":"post","link":"https:\/\/diarionews.com.br\/?p=2154","title":{"rendered":"Cruzeiro, Corinthians, Vasco e Fluminense focam na Copa do Brasil"},"content":{"rendered":"\n<p>Com o Brasileir\u00e3o encerrado, a aten\u00e7\u00e3o se volta para as semifinais da Copa do Brasil, com Cruzeiro x Corinthians nesta quarta-feira, 10\/12, \u00e0s 20h30 (horaMT), no Mineir\u00e3o, e Vasco x Fluminense na quinta-feira, 11\/12, \u00e0s 19h, no Maracan\u00e3.<\/p>\n\n\n\n<p>Cruzeiro e Fluminense j\u00e1 garantiram vaga na Libertadores de 2026. O time mineiro, maior campe\u00e3o da Copa do Brasil com seis t\u00edtulos, segue invicto no torneio, com cinco vit\u00f3rias, um empate e 11 gols marcados. Leonardo Jardim monitora a situa\u00e7\u00e3o das pontas, com Arroyo e Sinisterra disputando vaga, Wanderson em recupera\u00e7\u00e3o e Fagner fora por empr\u00e9stimo.<\/p>\n\n\n\n<p>O Corinthians chega em baixa ap\u00f3s m\u00e1 campanha no Brasileir\u00e3o, com cinco derrotas na Neo Qu\u00edmica Arena, 13\u00aa posi\u00e7\u00e3o e pior desempenho na era dos pontos corridos. Hugo Souza, goleiro do clube paulista, minimizou os problemas, destacando que o time adota postura diferente em mata-mata. Garro e Yuri Alberto, ambos em recupera\u00e7\u00e3o, podem atuar no Mineir\u00e3o.<\/p>\n\n\n\n<p>O Vasco tamb\u00e9m vive momento dif\u00edcil. Ap\u00f3s quatro vit\u00f3rias seguidas, a equipe perdeu for\u00e7a, incluindo goleada de 5 x 0 para o Atl\u00e9tico-MG, e terminou o Brasileir\u00e3o a apenas dois pontos da zona de rebaixamento. Lucas Piton est\u00e1 fora da semifinal, e Pumita Rodr\u00edguez deve jogar invertido. Jair se recupera de les\u00e3o e s\u00f3 retorna em 2026.<\/p>\n\n\n\n<p>O Fluminense atuou com for\u00e7a m\u00e1xima na \u00faltima rodada, manteve 100% de aproveitamento no Maracan\u00e3 e assegurou vaga na Libertadores. Para a semifinal, Zubeld\u00eda ter\u00e1 a baixa de Cannobio por suspens\u00e3o, com Soteldo como op\u00e7\u00e3o.<\/p>\n\n\n\n<p><strong>Agenda das semifinais<\/strong><\/p>\n\n\n\n<p>Quarta-feira, 10\/12, 20h30, Cruzeiro x Corinthians, transmiss\u00e3o Globo, Premiere, Prime Video<\/p>\n\n\n\n<p>Quinta-feira, 11\/12, 19h, Vasco x Fluminense, transmiss\u00e3o SporTV, Premiere, Prime Video<\/p>\n\n\n\n<p>Domingo, 14\/12, 17h, Corinthians x Cruzeiro, 19h30, Fluminense x Vasco<\/p>\n","protected":false},"excerpt":{"rendered":"<p>Com o Brasileir\u00e3o encerrado, a aten\u00e7\u00e3o se volta para as semifinais da Copa do Brasil, com Cruzeiro x Corinthians nesta quarta-feira, 10\/12, \u00e0s 20h30 (horaMT), no Mineir\u00e3o, e Vasco x Fluminense na quinta-feira, 11\/12, \u00e0s 19h, no Maracan\u00e3. Cruzeiro e Fluminense j\u00e1 garantiram vaga na Libertadores de 2026. O time mineiro, maior campe\u00e3o da Copa [&hellip;]<\/p>\n","protected":false},"author":1,"featured_media":2055,"comment_status":"open","ping_status":"open","sticky":false,"template":"","format":"standard","meta":{"footnotes":""},"categories":[13],"tags":[],"class_list":["post-2154","post","type-post","status-publish","format-standard","has-post-thumbnail","hentry","category-esportes"],"_links":{"self":[{"href":"https:\/\/diarionews.com.br\/index.php?rest_route=\/wp\/v2\/posts\/2154","targetHints":{"allow":["GET"]}}],"collection":[{"href":"https:\/\/diarionews.com.br\/index.php?rest_route=\/wp\/v2\/posts"}],"about":[{"href":"https:\/\/diarionews.com.br\/index.php?rest_route=\/wp\/v2\/types\/post"}],"author":[{"embeddable":true,"href":"https:\/\/diarionews.com.br\/index.php?rest_route=\/wp\/v2\/users\/1"}],"replies":[{"embeddable":true,"href":"https:\/\/diarionews.com.br\/index.php?rest_route=%2Fwp%2Fv2%2Fcomments&post=2154"}],"version-history":[{"count":1,"href":"https:\/\/diarionews.com.br\/index.php?rest_route=\/wp\/v2\/posts\/2154\/revisions"}],"predecessor-version":[{"id":2155,"href":"https:\/\/diarionews.com.br\/index.php?rest_route=\/wp\/v2\/posts\/2154\/revisions\/2155"}],"wp:featuredmedia":[{"embeddable":true,"href":"https:\/\/diarionews.com.br\/index.php?rest_route=\/wp\/v2\/media\/2055"}],"wp:attachment":[{"href":"https:\/\/diarionews.com.br\/index.php?rest_route=%2Fwp%2Fv2%2Fmedia&parent=2154"}],"wp:term":[{"taxonomy":"category","embeddable":true,"href":"https:\/\/diarionews.com.br\/index.php?rest_route=%2Fwp%2Fv2%2Fcategories&post=2154"},{"taxonomy":"post_tag","embeddable":true,"href":"https:\/\/diarionews.com.br\/index.php?rest_route=%2Fwp%2Fv2%2Ftags&post=2154"}],"curies":[{"name":"wp","href":"https:\/\/api.w.org\/{rel}","templated":true}]}}