{"id":2151,"date":"2025-12-09T12:23:00","date_gmt":"2025-12-09T16:23:00","guid":{"rendered":"https:\/\/diarionews.com.br\/?p=2151"},"modified":"2025-12-09T06:25:47","modified_gmt":"2025-12-09T10:25:47","slug":"comissao-especial-vota-parecer-sobre-regulamentacao-do-trabalho-por-aplicativo","status":"publish","type":"post","link":"https:\/\/diarionews.com.br\/?p=2151","title":{"rendered":"Comiss\u00e3o especial vota parecer sobre regulamenta\u00e7\u00e3o do trabalho por aplicativo"},"content":{"rendered":"\n<p>A comiss\u00e3o especial da C\u00e2mara dos Deputados que analisa a regulamenta\u00e7\u00e3o do trabalho por aplicativo discute e vota, nesta ter\u00e7a-feira (9), o parecer do relator, deputado Augusto Coutinho (Republicanos-PE). A reuni\u00e3o ser\u00e1 realizada \u00e0s 15 horas, no plen\u00e1rio 7.<\/p>\n\n\n\n<p>A comiss\u00e3o analisa o <a href=\"https:\/\/www.camara.leg.br\/noticias\/1181948-projeto-cria-novo-marco-legal-do-transporte-individual-por-aplicativo-no-pais\" target=\"_blank\" rel=\"noopener\">Projeto de Lei Complementar 152\/25<\/a>, de autoria do deputado Luiz Gast\u00e3o (PSD-CE), que regula os servi\u00e7os de transporte remunerado privado individual de passageiros e de coleta e entrega de bens prestados por empresas operadoras de plataforma digital. A proposta define normas para o funcionamento, no Pa\u00eds, de servi\u00e7os como os oferecidos por plataformas Uber, 99 e InDrive.<\/p>\n\n\n\n<p>O texto em an\u00e1lise trata tamb\u00e9m das condi\u00e7\u00f5es de trabalho e da vincula\u00e7\u00e3o previdenci\u00e1ria desses profissionais. Atualmente, grande parte dos trabalhadores atua como microempreendedor individual (MEI), modelo considerado inadequado pelo Minist\u00e9rio da Previd\u00eancia Social para esse tipo de atividade.<\/p>\n\n\n\n<p>Fonte: Ag\u00eancia C\u00e2mara de Not\u00edcias<\/p>\n","protected":false},"excerpt":{"rendered":"<p>A comiss\u00e3o especial da C\u00e2mara dos Deputados que analisa a regulamenta\u00e7\u00e3o do trabalho por aplicativo discute e vota, nesta ter\u00e7a-feira (9), o parecer do relator, deputado Augusto Coutinho (Republicanos-PE). A reuni\u00e3o ser\u00e1 realizada \u00e0s 15 horas, no plen\u00e1rio 7. A comiss\u00e3o analisa o Projeto de Lei Complementar 152\/25, de autoria do deputado Luiz Gast\u00e3o (PSD-CE), [&hellip;]<\/p>\n","protected":false},"author":1,"featured_media":2153,"comment_status":"open","ping_status":"open","sticky":false,"template":"","format":"standard","meta":{"footnotes":""},"categories":[12,19],"tags":[],"class_list":["post-2151","post","type-post","status-publish","format-standard","has-post-thumbnail","hentry","category-nacionais","category-politica"],"_links":{"self":[{"href":"https:\/\/diarionews.com.br\/index.php?rest_route=\/wp\/v2\/posts\/2151","targetHints":{"allow":["GET"]}}],"collection":[{"href":"https:\/\/diarionews.com.br\/index.php?rest_route=\/wp\/v2\/posts"}],"about":[{"href":"https:\/\/diarionews.com.br\/index.php?rest_route=\/wp\/v2\/types\/post"}],"author":[{"embeddable":true,"href":"https:\/\/diarionews.com.br\/index.php?rest_route=\/wp\/v2\/users\/1"}],"replies":[{"embeddable":true,"href":"https:\/\/diarionews.com.br\/index.php?rest_route=%2Fwp%2Fv2%2Fcomments&post=2151"}],"version-history":[{"count":1,"href":"https:\/\/diarionews.com.br\/index.php?rest_route=\/wp\/v2\/posts\/2151\/revisions"}],"predecessor-version":[{"id":2152,"href":"https:\/\/diarionews.com.br\/index.php?rest_route=\/wp\/v2\/posts\/2151\/revisions\/2152"}],"wp:featuredmedia":[{"embeddable":true,"href":"https:\/\/diarionews.com.br\/index.php?rest_route=\/wp\/v2\/media\/2153"}],"wp:attachment":[{"href":"https:\/\/diarionews.com.br\/index.php?rest_route=%2Fwp%2Fv2%2Fmedia&parent=2151"}],"wp:term":[{"taxonomy":"category","embeddable":true,"href":"https:\/\/diarionews.com.br\/index.php?rest_route=%2Fwp%2Fv2%2Fcategories&post=2151"},{"taxonomy":"post_tag","embeddable":true,"href":"https:\/\/diarionews.com.br\/index.php?rest_route=%2Fwp%2Fv2%2Ftags&post=2151"}],"curies":[{"name":"wp","href":"https:\/\/api.w.org\/{rel}","templated":true}]}}