{"id":2137,"date":"2025-12-09T09:01:00","date_gmt":"2025-12-09T13:01:00","guid":{"rendered":"https:\/\/diarionews.com.br\/?p=2137"},"modified":"2025-12-09T05:49:56","modified_gmt":"2025-12-09T09:49:56","slug":"inss-tera-regras-mais-rigidas-para-aposentadoria-a-partir-de-2026","status":"publish","type":"post","link":"https:\/\/diarionews.com.br\/?p=2137","title":{"rendered":"INSS ter\u00e1 regras mais r\u00edgidas para aposentadoria a partir de 2026"},"content":{"rendered":"\n<p>A partir de janeiro de 2026, novas regras do INSS entrar\u00e3o em vigor e tornar\u00e3o a aposentadoria mais dif\u00edcil para grande parte dos trabalhadores que j\u00e1 estavam na ativa antes da Reforma da Previd\u00eancia de 2019. As altera\u00e7\u00f5es seguem o cronograma progressivo previsto pela reforma e afetam tanto profissionais da iniciativa privada quanto professores, elevando a idade m\u00ednima e ajustando o tempo de contribui\u00e7\u00e3o exigido.<\/p>\n\n\n\n<p>As mudan\u00e7as fazem parte do processo de transi\u00e7\u00e3o iniciado em 2019 e t\u00eam como objetivo adequar o sistema previdenci\u00e1rio \u00e0s condi\u00e7\u00f5es econ\u00f4micas atuais. Com isso, muitos segurados que planejavam se aposentar nos pr\u00f3ximos anos precisar\u00e3o revisar seus c\u00e1lculos e verificar se ainda atendem aos novos requisitos.<\/p>\n\n\n\n<p>Em 2026, a idade m\u00ednima passar\u00e1 para 59 anos e 6 meses para mulheres e 64 anos e 6 meses para homens. Al\u00e9m disso, continuam sendo exigidos pelo menos 30 anos de contribui\u00e7\u00e3o para mulheres e 35 para homens. J\u00e1 na modalidade por pontos, ser\u00e1 necess\u00e1rio alcan\u00e7ar 93 pontos no caso das mulheres e 103 no dos homens, combinando idade e tempo de contribui\u00e7\u00e3o.<\/p>\n\n\n\n<p>Para professores, as regras s\u00e3o mais brandas, mas tamb\u00e9m sofrer\u00e3o mudan\u00e7as. A partir de 2026, professoras precisar\u00e3o ter pelo menos 54 anos e 6 meses, enquanto professores dever\u00e3o ter 59 anos e 6 meses. O tempo m\u00ednimo de trabalho permanece em 25 anos para mulheres e 30 para homens. Essa transi\u00e7\u00e3o segue at\u00e9 2031 e busca suavizar os impactos da reforma em uma categoria historicamente sobrecarregada.<\/p>\n\n\n\n<p>O c\u00e1lculo do benef\u00edcio continua baseado na m\u00e9dia de todas as contribui\u00e7\u00f5es feitas desde julho de 1994. O valor inicial corresponde a 60% dessa m\u00e9dia, com acr\u00e9scimo de 2% ao ano quando o segurado ultrapassa 15 anos de contribui\u00e7\u00e3o, no caso das mulheres, ou 20 anos, no dos homens. Na pr\u00e1tica, contribui\u00e7\u00f5es mais baixas reduzir\u00e3o, e at\u00e9 limitar\u00e3o, o valor final recebido.<\/p>\n\n\n\n<p>Com as novas exig\u00eancias, a recomenda\u00e7\u00e3o \u00e9 que trabalhadores revisem seu tempo de contribui\u00e7\u00e3o e planejem com anteced\u00eancia, evitando surpresas na hora de solicitar a aposentadoria em 2026.<\/p>\n","protected":false},"excerpt":{"rendered":"<p>A partir de janeiro de 2026, novas regras do INSS entrar\u00e3o em vigor e tornar\u00e3o a aposentadoria mais dif\u00edcil para grande parte dos trabalhadores que j\u00e1 estavam na ativa antes da Reforma da Previd\u00eancia de 2019. As altera\u00e7\u00f5es seguem o cronograma progressivo previsto pela reforma e afetam tanto profissionais da iniciativa privada quanto professores, elevando [&hellip;]<\/p>\n","protected":false},"author":1,"featured_media":2138,"comment_status":"open","ping_status":"open","sticky":false,"template":"","format":"standard","meta":{"footnotes":""},"categories":[12],"tags":[],"class_list":["post-2137","post","type-post","status-publish","format-standard","has-post-thumbnail","hentry","category-nacionais"],"_links":{"self":[{"href":"https:\/\/diarionews.com.br\/index.php?rest_route=\/wp\/v2\/posts\/2137","targetHints":{"allow":["GET"]}}],"collection":[{"href":"https:\/\/diarionews.com.br\/index.php?rest_route=\/wp\/v2\/posts"}],"about":[{"href":"https:\/\/diarionews.com.br\/index.php?rest_route=\/wp\/v2\/types\/post"}],"author":[{"embeddable":true,"href":"https:\/\/diarionews.com.br\/index.php?rest_route=\/wp\/v2\/users\/1"}],"replies":[{"embeddable":true,"href":"https:\/\/diarionews.com.br\/index.php?rest_route=%2Fwp%2Fv2%2Fcomments&post=2137"}],"version-history":[{"count":1,"href":"https:\/\/diarionews.com.br\/index.php?rest_route=\/wp\/v2\/posts\/2137\/revisions"}],"predecessor-version":[{"id":2139,"href":"https:\/\/diarionews.com.br\/index.php?rest_route=\/wp\/v2\/posts\/2137\/revisions\/2139"}],"wp:featuredmedia":[{"embeddable":true,"href":"https:\/\/diarionews.com.br\/index.php?rest_route=\/wp\/v2\/media\/2138"}],"wp:attachment":[{"href":"https:\/\/diarionews.com.br\/index.php?rest_route=%2Fwp%2Fv2%2Fmedia&parent=2137"}],"wp:term":[{"taxonomy":"category","embeddable":true,"href":"https:\/\/diarionews.com.br\/index.php?rest_route=%2Fwp%2Fv2%2Fcategories&post=2137"},{"taxonomy":"post_tag","embeddable":true,"href":"https:\/\/diarionews.com.br\/index.php?rest_route=%2Fwp%2Fv2%2Ftags&post=2137"}],"curies":[{"name":"wp","href":"https:\/\/api.w.org\/{rel}","templated":true}]}}