{"id":2131,"date":"2025-12-09T10:01:00","date_gmt":"2025-12-09T14:01:00","guid":{"rendered":"https:\/\/diarionews.com.br\/?p=2131"},"modified":"2025-12-09T05:39:15","modified_gmt":"2025-12-09T09:39:15","slug":"ibge-aponta-nova-reducao-de-pessoas-em-condicoes-de-extrema-pobreza","status":"publish","type":"post","link":"https:\/\/diarionews.com.br\/?p=2131","title":{"rendered":"IBGE aponta nova redu\u00e7\u00e3o de pessoas em condi\u00e7\u00f5es de extrema pobreza"},"content":{"rendered":"\n<p>As parcelas da popula\u00e7\u00e3o brasileira que viviam em condi\u00e7\u00f5es de pobreza e extrema pobreza ca\u00edram em 2024 pelo terceiro ano consecutivo, passando de quase 57 milh\u00f5es em 2023 para 48 milh\u00f5es em 2024, o que representa mais de 8,6 milh\u00f5es de&nbsp;brasileiros fora das linhas de pobreza e extrema pobreza.<img decoding=\"async\" src=\"https:\/\/agenciabrasil.ebc.com.br\/ebc.png?id=1670552&amp;o=node\"><img decoding=\"async\" src=\"https:\/\/agenciabrasil.ebc.com.br\/ebc.gif?id=1670552&amp;o=node\"><\/p>\n\n\n\n<p>Os dados fazem parte do levantamento &#8220;S\u00edntese de Indicadores Sociais&#8221;, divulgado nesta quarta-feira pelo IBGE.&nbsp;O pesquisador Andr\u00e9 Geraldo de Morais Sim\u00f5es, respons\u00e1vel pelo estudo, associou o resultado a fatores como o processo de recupera\u00e7\u00e3o do mercado de trabalho:<\/p>\n\n\n\n<p>&#8220;Tanto o mercado de trabalho aquecido ele atuou no sentido de reduzir a pobreza, quanto os benef\u00edcios de transfer\u00eancia de renda, principalmente o Bolsa Fam\u00edlia e&nbsp;o Aux\u00edlio Brasil. Que eles ganharam maiores valores. Ampliaram o maior n\u00famero de popula\u00e7\u00e3o que recebeu esses valores&#8221;, diz.<\/p>\n\n\n\n<p>A queda nos n\u00fameros, no entanto, n\u00e3o eliminou a exist\u00eancia de disparidades regionais e de cor e ra\u00e7a no pa\u00eds. As taxas de pobreza e extrema pobreza nas regi\u00f5es Norte e Nordeste seguem acima da m\u00e9dia nacional. Outra desigualdade demonstrada \u00e9 racial. Entre os pretos, a pobreza chegava a 25,8% e a extrema pobreza a 3,9%.&nbsp;Na popula\u00e7\u00e3o parda, 29,8% eram pobres e 4,5% viviam em situa\u00e7\u00e3o de extrema pobreza. J\u00e1 entre os brancos, os \u00edndices foram menores: 15,1% eram pobres, enquanto 2,2% estavam na extrema pobreza.<\/p>\n","protected":false},"excerpt":{"rendered":"<p>As parcelas da popula\u00e7\u00e3o brasileira que viviam em condi\u00e7\u00f5es de pobreza e extrema pobreza ca\u00edram em 2024 pelo terceiro ano consecutivo, passando de quase 57 milh\u00f5es em 2023 para 48 milh\u00f5es em 2024, o que representa mais de 8,6 milh\u00f5es de&nbsp;brasileiros fora das linhas de pobreza e extrema pobreza. Os dados fazem parte do levantamento [&hellip;]<\/p>\n","protected":false},"author":1,"featured_media":2132,"comment_status":"open","ping_status":"open","sticky":false,"template":"","format":"standard","meta":{"footnotes":""},"categories":[12,19],"tags":[],"class_list":["post-2131","post","type-post","status-publish","format-standard","has-post-thumbnail","hentry","category-nacionais","category-politica"],"_links":{"self":[{"href":"https:\/\/diarionews.com.br\/index.php?rest_route=\/wp\/v2\/posts\/2131","targetHints":{"allow":["GET"]}}],"collection":[{"href":"https:\/\/diarionews.com.br\/index.php?rest_route=\/wp\/v2\/posts"}],"about":[{"href":"https:\/\/diarionews.com.br\/index.php?rest_route=\/wp\/v2\/types\/post"}],"author":[{"embeddable":true,"href":"https:\/\/diarionews.com.br\/index.php?rest_route=\/wp\/v2\/users\/1"}],"replies":[{"embeddable":true,"href":"https:\/\/diarionews.com.br\/index.php?rest_route=%2Fwp%2Fv2%2Fcomments&post=2131"}],"version-history":[{"count":1,"href":"https:\/\/diarionews.com.br\/index.php?rest_route=\/wp\/v2\/posts\/2131\/revisions"}],"predecessor-version":[{"id":2133,"href":"https:\/\/diarionews.com.br\/index.php?rest_route=\/wp\/v2\/posts\/2131\/revisions\/2133"}],"wp:featuredmedia":[{"embeddable":true,"href":"https:\/\/diarionews.com.br\/index.php?rest_route=\/wp\/v2\/media\/2132"}],"wp:attachment":[{"href":"https:\/\/diarionews.com.br\/index.php?rest_route=%2Fwp%2Fv2%2Fmedia&parent=2131"}],"wp:term":[{"taxonomy":"category","embeddable":true,"href":"https:\/\/diarionews.com.br\/index.php?rest_route=%2Fwp%2Fv2%2Fcategories&post=2131"},{"taxonomy":"post_tag","embeddable":true,"href":"https:\/\/diarionews.com.br\/index.php?rest_route=%2Fwp%2Fv2%2Ftags&post=2131"}],"curies":[{"name":"wp","href":"https:\/\/api.w.org\/{rel}","templated":true}]}}