{"id":2110,"date":"2025-12-08T09:09:33","date_gmt":"2025-12-08T13:09:33","guid":{"rendered":"https:\/\/diarionews.com.br\/?p=2110"},"modified":"2025-12-08T09:09:34","modified_gmt":"2025-12-08T13:09:34","slug":"operacao-tentaculos-reforca-policiamento-e-resulta-em-flagrantes-e-remocoes-de-veiculos","status":"publish","type":"post","link":"https:\/\/diarionews.com.br\/?p=2110","title":{"rendered":"Opera\u00e7\u00e3o Tent\u00e1culos refor\u00e7a policiamento e resulta em flagrantes e remo\u00e7\u00f5es de ve\u00edculos"},"content":{"rendered":"\n<p>Por determina\u00e7\u00e3o do tenente-coronel Marins, comandante do 9\u00ba Comando Regional, a Pol\u00edcia Militar deflagrou nesta data a Opera\u00e7\u00e3o Tent\u00e1culos. As equipes atuaram de forma simult\u00e2nea na \u00e1rea central, bairros e rodovias da cidade, com o objetivo de abordar pessoas e ve\u00edculos em atitude suspeita e refor\u00e7ar a sensa\u00e7\u00e3o de seguran\u00e7a da popula\u00e7\u00e3o.<\/p>\n\n\n\n<p>Durante a opera\u00e7\u00e3o, foram registrados tr\u00eas flagrantes por conduzir ve\u00edculo sob influ\u00eancia de \u00e1lcool. As equipes tamb\u00e9m removeram nove motocicletas e um carro, al\u00e9m de lavrarem 22 notifica\u00e7\u00f5es por irregularidades diversas.<\/p>\n\n\n\n<p>A a\u00e7\u00e3o contou com o empenho de efetivos do 9\u00ba CR, 8\u00ba BPM, 3\u00ba Pelot\u00e3o de Parana\u00edta, NPM de Carlinda e For\u00e7a T\u00e1tica. No total, participaram 32 policiais militares, com o apoio de sete motocicletas e oito viaturas.<\/p>\n\n\n","protected":false},"excerpt":{"rendered":"<p>Por determina\u00e7\u00e3o do tenente-coronel Marins, comandante do 9\u00ba Comando Regional, a Pol\u00edcia Militar deflagrou nesta data a Opera\u00e7\u00e3o Tent\u00e1culos. As equipes atuaram de forma simult\u00e2nea na \u00e1rea central, bairros e rodovias da cidade, com o objetivo de abordar pessoas e ve\u00edculos em atitude suspeita e refor\u00e7ar a sensa\u00e7\u00e3o de seguran\u00e7a da popula\u00e7\u00e3o. Durante a opera\u00e7\u00e3o, [&hellip;]<\/p>\n","protected":false},"author":1,"featured_media":2111,"comment_status":"open","ping_status":"open","sticky":false,"template":"","format":"standard","meta":{"footnotes":""},"categories":[14],"tags":[],"class_list":["post-2110","post","type-post","status-publish","format-standard","has-post-thumbnail","hentry","category-policia"],"_links":{"self":[{"href":"https:\/\/diarionews.com.br\/index.php?rest_route=\/wp\/v2\/posts\/2110","targetHints":{"allow":["GET"]}}],"collection":[{"href":"https:\/\/diarionews.com.br\/index.php?rest_route=\/wp\/v2\/posts"}],"about":[{"href":"https:\/\/diarionews.com.br\/index.php?rest_route=\/wp\/v2\/types\/post"}],"author":[{"embeddable":true,"href":"https:\/\/diarionews.com.br\/index.php?rest_route=\/wp\/v2\/users\/1"}],"replies":[{"embeddable":true,"href":"https:\/\/diarionews.com.br\/index.php?rest_route=%2Fwp%2Fv2%2Fcomments&post=2110"}],"version-history":[{"count":1,"href":"https:\/\/diarionews.com.br\/index.php?rest_route=\/wp\/v2\/posts\/2110\/revisions"}],"predecessor-version":[{"id":2112,"href":"https:\/\/diarionews.com.br\/index.php?rest_route=\/wp\/v2\/posts\/2110\/revisions\/2112"}],"wp:featuredmedia":[{"embeddable":true,"href":"https:\/\/diarionews.com.br\/index.php?rest_route=\/wp\/v2\/media\/2111"}],"wp:attachment":[{"href":"https:\/\/diarionews.com.br\/index.php?rest_route=%2Fwp%2Fv2%2Fmedia&parent=2110"}],"wp:term":[{"taxonomy":"category","embeddable":true,"href":"https:\/\/diarionews.com.br\/index.php?rest_route=%2Fwp%2Fv2%2Fcategories&post=2110"},{"taxonomy":"post_tag","embeddable":true,"href":"https:\/\/diarionews.com.br\/index.php?rest_route=%2Fwp%2Fv2%2Ftags&post=2110"}],"curies":[{"name":"wp","href":"https:\/\/api.w.org\/{rel}","templated":true}]}}