{"id":2097,"date":"2025-12-08T09:31:00","date_gmt":"2025-12-08T13:31:00","guid":{"rendered":"https:\/\/diarionews.com.br\/?p=2097"},"modified":"2025-12-08T08:34:59","modified_gmt":"2025-12-08T12:34:59","slug":"trabalhador-e-ferido-com-canivete-durante-briga-em-onibus","status":"publish","type":"post","link":"https:\/\/diarionews.com.br\/?p=2097","title":{"rendered":"Trabalhador \u00e9 ferido com canivete durante briga em \u00f4nibus"},"content":{"rendered":"\n<p>A GUPM foi acionada via telefone funcional por um trabalhador que relatou uma briga dentro do \u00f4nibus que seguia para uma fazenda na regi\u00e3o de Nova Bandeirantes MT. A equipe se deslocou imediatamente ao local, onde o comunicante reiterou que o colega havia sido gravemente ferido com um canivete na regi\u00e3o da virilha, pr\u00f3ximo ao abd\u00f4men. O autor da agress\u00e3o seria o trabalhador A.S.D.S.<\/p>\n\n\n\n<p>No local, a v\u00edtima j\u00e1 havia sido encaminhada pela equipe do Hospital Municipal de Nova Bandeirantes, que posteriormente informou que o homem seria transferido para Alta Floresta devido \u00e0 gravidade do ferimento.<\/p>\n\n\n\n<p>O suspeito foi localizado pela GUPM, n\u00e3o resistiu \u00e0 pris\u00e3o e apresentava um ferimento na m\u00e3o esquerda, sofrido durante a confus\u00e3o. Ele foi levado ao hospital para curativo, sem uso de algemas, e em seguida conduzido \u00e0 unidade policial para registro da ocorr\u00eancia.<\/p>\n\n\n\n<p>A testemunha, o suspeito e o boletim foram encaminhados \u00e0 Pol\u00edcia Judici\u00e1ria Civil para as demais provid\u00eancias.<br>Ocorr\u00eancia registrada pelo 4\u00ba Pelot\u00e3o de Nova Bandeirantes em 05\/12\/2025.<\/p>\n","protected":false},"excerpt":{"rendered":"<p>A GUPM foi acionada via telefone funcional por um trabalhador que relatou uma briga dentro do \u00f4nibus que seguia para uma fazenda na regi\u00e3o de Nova Bandeirantes MT. A equipe se deslocou imediatamente ao local, onde o comunicante reiterou que o colega havia sido gravemente ferido com um canivete na regi\u00e3o da virilha, pr\u00f3ximo ao [&hellip;]<\/p>\n","protected":false},"author":1,"featured_media":1737,"comment_status":"open","ping_status":"open","sticky":false,"template":"","format":"standard","meta":{"footnotes":""},"categories":[21,14],"tags":[],"class_list":["post-2097","post","type-post","status-publish","format-standard","has-post-thumbnail","hentry","category-regiao","category-policia"],"_links":{"self":[{"href":"https:\/\/diarionews.com.br\/index.php?rest_route=\/wp\/v2\/posts\/2097","targetHints":{"allow":["GET"]}}],"collection":[{"href":"https:\/\/diarionews.com.br\/index.php?rest_route=\/wp\/v2\/posts"}],"about":[{"href":"https:\/\/diarionews.com.br\/index.php?rest_route=\/wp\/v2\/types\/post"}],"author":[{"embeddable":true,"href":"https:\/\/diarionews.com.br\/index.php?rest_route=\/wp\/v2\/users\/1"}],"replies":[{"embeddable":true,"href":"https:\/\/diarionews.com.br\/index.php?rest_route=%2Fwp%2Fv2%2Fcomments&post=2097"}],"version-history":[{"count":1,"href":"https:\/\/diarionews.com.br\/index.php?rest_route=\/wp\/v2\/posts\/2097\/revisions"}],"predecessor-version":[{"id":2098,"href":"https:\/\/diarionews.com.br\/index.php?rest_route=\/wp\/v2\/posts\/2097\/revisions\/2098"}],"wp:featuredmedia":[{"embeddable":true,"href":"https:\/\/diarionews.com.br\/index.php?rest_route=\/wp\/v2\/media\/1737"}],"wp:attachment":[{"href":"https:\/\/diarionews.com.br\/index.php?rest_route=%2Fwp%2Fv2%2Fmedia&parent=2097"}],"wp:term":[{"taxonomy":"category","embeddable":true,"href":"https:\/\/diarionews.com.br\/index.php?rest_route=%2Fwp%2Fv2%2Fcategories&post=2097"},{"taxonomy":"post_tag","embeddable":true,"href":"https:\/\/diarionews.com.br\/index.php?rest_route=%2Fwp%2Fv2%2Ftags&post=2097"}],"curies":[{"name":"wp","href":"https:\/\/api.w.org\/{rel}","templated":true}]}}