{"id":2092,"date":"2025-12-09T14:49:00","date_gmt":"2025-12-09T18:49:00","guid":{"rendered":"https:\/\/diarionews.com.br\/?p=2092"},"modified":"2025-12-08T05:53:08","modified_gmt":"2025-12-08T09:53:08","slug":"novas-regras-para-bikes-eletricas-e-ciclomotores-passam-a-valer-em-2026","status":"publish","type":"post","link":"https:\/\/diarionews.com.br\/?p=2092","title":{"rendered":"Novas regras para bikes el\u00e9tricas e ciclomotores passam a valer em 2026"},"content":{"rendered":"\n<p>A partir de 2026, quem utiliza ciclomotores, bicicletas el\u00e9tricas ou equipamentos autopropelidos como patinetes e monociclos dever\u00e1 seguir novas regras definidas pelo Conselho Nacional de Tr\u00e2nsito (Contran). A resolu\u00e7\u00e3o, publicada para padronizar defini\u00e7\u00f5es e reduzir acidentes, endurece exig\u00eancias para ciclomotores e cria requisitos t\u00e9cnicos de seguran\u00e7a para ve\u00edculos el\u00e9tricos leves, que ganharam espa\u00e7o nas cidades nos \u00faltimos anos.<\/p>\n\n\n\n<p>O texto estabelece que ciclomotores, ve\u00edculos de at\u00e9 50 km\/h, com motor a combust\u00e3o de at\u00e9 50 cilindradas ou el\u00e9trico de at\u00e9 4 kW, passar\u00e3o a seguir normas semelhantes \u00e0s aplicadas \u00e0s motocicletas. Seus condutores precisar\u00e3o apresentar CNH ou ACC, manter o ve\u00edculo registrado, licenciado e emplacado, al\u00e9m de utilizar capacete e roupas de prote\u00e7\u00e3o. Modelos fabricados antes da mudan\u00e7a devem ser inclu\u00eddos no Renavam at\u00e9 31 de dezembro de 2025. A circula\u00e7\u00e3o tamb\u00e9m ter\u00e1 limites: ciclomotores ficam proibidos de trafegar em vias de tr\u00e2nsito r\u00e1pido e rodovias sem acostamento ou faixa exclusiva.<\/p>\n\n\n\n<p>Para bicicletas el\u00e9tricas, o Contran manteve a dispensa de habilita\u00e7\u00e3o e emplacamento, mas imp\u00f4s regras t\u00e9cnicas obrigat\u00f3rias. Entre elas, campainha, sinaliza\u00e7\u00e3o noturna dianteira, traseira e lateral, al\u00e9m de limitador de velocidade para reduzir riscos em \u00e1reas urbanas. Esses ve\u00edculos seguem autorizados a circular em ciclovias e ciclofaixas, dentro dos par\u00e2metros de seguran\u00e7a definidos pela resolu\u00e7\u00e3o.<\/p>\n\n\n\n<p>A regulamenta\u00e7\u00e3o tamb\u00e9m alcan\u00e7a patinetes e monociclos el\u00e9tricos, que continuam livres de emplacamento e habilita\u00e7\u00e3o, mas com normas espec\u00edficas de circula\u00e7\u00e3o. Eles ficam permitidos em \u00e1reas de pedestres com velocidade reduzida e em vias com limite de at\u00e9 40 km\/h. Estados e munic\u00edpios poder\u00e3o criar regras adicionais, desde diretrizes locais de circula\u00e7\u00e3o at\u00e9 cobran\u00e7as espec\u00edficas.<\/p>\n\n\n\n<p>O descumprimento das exig\u00eancias passa a ser enquadrado pelo C\u00f3digo de Tr\u00e2nsito Brasileiro. Infra\u00e7\u00f5es como conduzir ciclomotor sem placa, sem capacete ou em local proibido poder\u00e3o gerar multas. Para o Contran, a revis\u00e3o das regras busca equilibrar mobilidade urbana e seguran\u00e7a vi\u00e1ria, refor\u00e7ando a fiscaliza\u00e7\u00e3o sobre ciclomotores e garantindo que bicicletas e patinetes el\u00e9tricos continuem sendo alternativas sustent\u00e1veis, mas com maior controle t\u00e9cnico.<\/p>\n","protected":false},"excerpt":{"rendered":"<p>A partir de 2026, quem utiliza ciclomotores, bicicletas el\u00e9tricas ou equipamentos autopropelidos como patinetes e monociclos dever\u00e1 seguir novas regras definidas pelo Conselho Nacional de Tr\u00e2nsito (Contran). A resolu\u00e7\u00e3o, publicada para padronizar defini\u00e7\u00f5es e reduzir acidentes, endurece exig\u00eancias para ciclomotores e cria requisitos t\u00e9cnicos de seguran\u00e7a para ve\u00edculos el\u00e9tricos leves, que ganharam espa\u00e7o nas cidades [&hellip;]<\/p>\n","protected":false},"author":1,"featured_media":2093,"comment_status":"open","ping_status":"open","sticky":false,"template":"","format":"standard","meta":{"footnotes":""},"categories":[12],"tags":[],"class_list":["post-2092","post","type-post","status-publish","format-standard","has-post-thumbnail","hentry","category-nacionais"],"_links":{"self":[{"href":"https:\/\/diarionews.com.br\/index.php?rest_route=\/wp\/v2\/posts\/2092","targetHints":{"allow":["GET"]}}],"collection":[{"href":"https:\/\/diarionews.com.br\/index.php?rest_route=\/wp\/v2\/posts"}],"about":[{"href":"https:\/\/diarionews.com.br\/index.php?rest_route=\/wp\/v2\/types\/post"}],"author":[{"embeddable":true,"href":"https:\/\/diarionews.com.br\/index.php?rest_route=\/wp\/v2\/users\/1"}],"replies":[{"embeddable":true,"href":"https:\/\/diarionews.com.br\/index.php?rest_route=%2Fwp%2Fv2%2Fcomments&post=2092"}],"version-history":[{"count":1,"href":"https:\/\/diarionews.com.br\/index.php?rest_route=\/wp\/v2\/posts\/2092\/revisions"}],"predecessor-version":[{"id":2094,"href":"https:\/\/diarionews.com.br\/index.php?rest_route=\/wp\/v2\/posts\/2092\/revisions\/2094"}],"wp:featuredmedia":[{"embeddable":true,"href":"https:\/\/diarionews.com.br\/index.php?rest_route=\/wp\/v2\/media\/2093"}],"wp:attachment":[{"href":"https:\/\/diarionews.com.br\/index.php?rest_route=%2Fwp%2Fv2%2Fmedia&parent=2092"}],"wp:term":[{"taxonomy":"category","embeddable":true,"href":"https:\/\/diarionews.com.br\/index.php?rest_route=%2Fwp%2Fv2%2Fcategories&post=2092"},{"taxonomy":"post_tag","embeddable":true,"href":"https:\/\/diarionews.com.br\/index.php?rest_route=%2Fwp%2Fv2%2Ftags&post=2092"}],"curies":[{"name":"wp","href":"https:\/\/api.w.org\/{rel}","templated":true}]}}