{"id":2086,"date":"2025-12-08T13:40:00","date_gmt":"2025-12-08T17:40:00","guid":{"rendered":"https:\/\/diarionews.com.br\/?p=2086"},"modified":"2025-12-08T05:45:07","modified_gmt":"2025-12-08T09:45:07","slug":"acrescimo-de-25-na-aposentadoria-veja-quem-tem-direito-e-como-pedir","status":"publish","type":"post","link":"https:\/\/diarionews.com.br\/?p=2086","title":{"rendered":"Acr\u00e9scimo de 25% na aposentadoria: veja quem tem direito e como pedir"},"content":{"rendered":"\n<p>O Instituto Nacional do Seguro Social (INSS) oferece um acr\u00e9scimo de 25% no valor da aposentadoria a segurados aposentados por incapacidade permanente que comprovem depender de ajuda cont\u00ednua de outra pessoa para tarefas b\u00e1sicas do dia a dia. O benef\u00edcio, previsto em lei, \u00e9 voltado a pessoas em situa\u00e7\u00e3o de vulnerabilidade funcional e pode ser solicitado de forma totalmente remota, sem necessidade de comparecer a uma ag\u00eancia.<\/p>\n\n\n\n<p><strong>Quem pode receber o adicional<\/strong><br>O acr\u00e9scimo \u00e9 destinado exclusivamente a aposentados por invalidez que comprovem a necessidade de assist\u00eancia permanente. Entre as condi\u00e7\u00f5es reconhecidas pelo INSS est\u00e3o cegueira total, paralisia de membros, doen\u00e7as que mantenham a pessoa acamada, perda de autonomia para atividades b\u00e1sicas, altera\u00e7\u00f5es mentais graves e perda de membros quando o uso de pr\u00f3tese \u00e9 invi\u00e1vel. O benef\u00edcio tamb\u00e9m pode ser solicitado por quem ainda est\u00e1 em avalia\u00e7\u00e3o e se enquadra nos crit\u00e9rios.<\/p>\n\n\n\n<p><strong>Como fazer a solicita\u00e7\u00e3o pelo Meu INSS<\/strong><br>O pedido \u00e9 realizado pelo site ou aplicativo Meu INSS. O segurado deve acessar a plataforma com CPF e senha, digitar \u201cAcr\u00e9scimo de 25%\u201d na busca e seguir as orienta\u00e7\u00f5es exibidas. O processo \u00e9 simples e pode ser realizado por procurador legalmente constitu\u00eddo.<\/p>\n\n\n\n<p><strong>Documentos exigidos na an\u00e1lise<\/strong><br>Para o atendimento, s\u00e3o aceitos documentos de identifica\u00e7\u00e3o como RG, CNH, CTPS e CPF. Em caso de representante legal, \u00e9 necess\u00e1ria procura\u00e7\u00e3o p\u00fablica ou documento no modelo do INSS, al\u00e9m dos documentos pessoais. Tamb\u00e9m devem ser apresentados laudos, atestados, relat\u00f3rios m\u00e9dicos e exames originais, caso seja marcada per\u00edcia.<\/p>\n\n\n\n<p><strong>Per\u00edcia m\u00e9dica pode ser necess\u00e1ria<\/strong><br>Durante a avalia\u00e7\u00e3o, o INSS pode convocar o segurado para per\u00edcia e entrevista social. O comparecimento \u00e9 obrigat\u00f3rio na data indicada e deve ser acompanhado de toda a documenta\u00e7\u00e3o m\u00e9dica dispon\u00edvel. Ap\u00f3s a an\u00e1lise t\u00e9cnica, o pedido passa por supervis\u00e3o interna antes da decis\u00e3o final.<\/p>\n\n\n\n<p><strong>Acompanhamento do pedido<\/strong><br>O andamento pode ser verificado no pr\u00f3prio Meu INSS, na op\u00e7\u00e3o \u201cConsultar Pedidos\u201d. Ali \u00e9 poss\u00edvel visualizar o status do processo, pend\u00eancias e decis\u00f5es. O prazo m\u00e9dio informado pelo governo para conclus\u00e3o \u00e9 de 45 dias \u00fateis.<\/p>\n","protected":false},"excerpt":{"rendered":"<p>O Instituto Nacional do Seguro Social (INSS) oferece um acr\u00e9scimo de 25% no valor da aposentadoria a segurados aposentados por incapacidade permanente que comprovem depender de ajuda cont\u00ednua de outra pessoa para tarefas b\u00e1sicas do dia a dia. O benef\u00edcio, previsto em lei, \u00e9 voltado a pessoas em situa\u00e7\u00e3o de vulnerabilidade funcional e pode ser [&hellip;]<\/p>\n","protected":false},"author":1,"featured_media":2087,"comment_status":"open","ping_status":"open","sticky":false,"template":"","format":"standard","meta":{"footnotes":""},"categories":[2],"tags":[],"class_list":["post-2086","post","type-post","status-publish","format-standard","has-post-thumbnail","hentry","category-saude"],"_links":{"self":[{"href":"https:\/\/diarionews.com.br\/index.php?rest_route=\/wp\/v2\/posts\/2086","targetHints":{"allow":["GET"]}}],"collection":[{"href":"https:\/\/diarionews.com.br\/index.php?rest_route=\/wp\/v2\/posts"}],"about":[{"href":"https:\/\/diarionews.com.br\/index.php?rest_route=\/wp\/v2\/types\/post"}],"author":[{"embeddable":true,"href":"https:\/\/diarionews.com.br\/index.php?rest_route=\/wp\/v2\/users\/1"}],"replies":[{"embeddable":true,"href":"https:\/\/diarionews.com.br\/index.php?rest_route=%2Fwp%2Fv2%2Fcomments&post=2086"}],"version-history":[{"count":1,"href":"https:\/\/diarionews.com.br\/index.php?rest_route=\/wp\/v2\/posts\/2086\/revisions"}],"predecessor-version":[{"id":2088,"href":"https:\/\/diarionews.com.br\/index.php?rest_route=\/wp\/v2\/posts\/2086\/revisions\/2088"}],"wp:featuredmedia":[{"embeddable":true,"href":"https:\/\/diarionews.com.br\/index.php?rest_route=\/wp\/v2\/media\/2087"}],"wp:attachment":[{"href":"https:\/\/diarionews.com.br\/index.php?rest_route=%2Fwp%2Fv2%2Fmedia&parent=2086"}],"wp:term":[{"taxonomy":"category","embeddable":true,"href":"https:\/\/diarionews.com.br\/index.php?rest_route=%2Fwp%2Fv2%2Fcategories&post=2086"},{"taxonomy":"post_tag","embeddable":true,"href":"https:\/\/diarionews.com.br\/index.php?rest_route=%2Fwp%2Fv2%2Ftags&post=2086"}],"curies":[{"name":"wp","href":"https:\/\/api.w.org\/{rel}","templated":true}]}}