{"id":2080,"date":"2025-12-08T06:29:00","date_gmt":"2025-12-08T10:29:00","guid":{"rendered":"https:\/\/diarionews.com.br\/?p=2080"},"modified":"2025-12-08T08:47:08","modified_gmt":"2025-12-08T12:47:08","slug":"meteorologista-da-metsul-alerta-para-ciclone-e-dias-de-alto-risco-no-rs","status":"publish","type":"post","link":"https:\/\/diarionews.com.br\/?p=2080","title":{"rendered":"Meteorologista da MetSul alerta para ciclone e dias de alto risco no RS"},"content":{"rendered":"\n<p>Um alerta contundente marcou as previs\u00f5es deste domingo no Rio Grande do Sul. O meteorologista Luiz Fernando Nachtigall, da MetSul, pediu que a popula\u00e7\u00e3o \u201cleve a s\u00e9rio o que est\u00e1 vindo\u201d ao comentar, em publica\u00e7\u00e3o no site da empresa, a forma\u00e7\u00e3o de um ciclone de baixa press\u00e3o considerado incomum para a regi\u00e3o e previsto para atuar no in\u00edcio da semana. Segundo ele, a combina\u00e7\u00e3o entre press\u00e3o atmosf\u00e9rica muito baixa e calor extremo cria um cen\u00e1rio prop\u00edcio para epis\u00f3dios severos de tempo.<\/p>\n\n\n\n<p>Nachtigall explica que o sistema atmosf\u00e9rico previsto, semelhante aos ciclones mais frequentes no Atl\u00e2ntico Norte ou em latitudes mais ao Sul, deve avan\u00e7ar sobre uma atmosfera aquecida, que j\u00e1 vem registrando marcas pr\u00f3ximas ou acima dos 40 \u00b0C em v\u00e1rias \u00e1reas. Ele compara: no inverno, sistemas com press\u00e3o entre 980 e 985 hPa j\u00e1 provocam transtornos; nesta \u00e9poca do ano, o potencial de severidade \u00e9 ainda maior.<\/p>\n\n\n\n<p><strong>Risco de temporais, ventos extremos e chuva volumosa<\/strong><br>A MetSul aponta que a primeira metade da semana pode ser marcada por temporais em estados do Sul, Centro-Oeste e Sudeste, com possibilidade de granizo e ventos que, em algumas localidades, podem superar os 100 km\/h. Al\u00e9m disso, embora a chuva n\u00e3o seja uniforme, setores isolados podem registrar acumulados entre 100 mm e 200 mm em poucas horas, elevando o risco de enxurradas e inunda\u00e7\u00f5es repentinas.<\/p>\n\n\n\n<p>Na quarta-feira, as rajadas associadas ao ciclone devem ganhar for\u00e7a sobretudo entre o Sul e o Leste do Rio Grande do Sul, novamente com possibilidade de 100 km\/h. Para o meteorologista, trata-se de uma sequ\u00eancia de dias de \u201calt\u00edssimo risco meteorol\u00f3gico\u201d, especialmente entre segunda e quinta-feira, per\u00edodo em que o sistema come\u00e7a a se afastar.<\/p>\n\n\n\n<p><strong>Aten\u00e7\u00e3o redobrada e busca por informa\u00e7\u00e3o confi\u00e1vel<\/strong><br>Nachtigall refor\u00e7a que a orienta\u00e7\u00e3o da MetSul \u00e9 clara: acompanhar boletins oficiais e manter-se informado ao longo da semana. Ele afirma que a empresa ampliar\u00e1 a divulga\u00e7\u00e3o de conte\u00fados e avisos nas plataformas digitais justamente para auxiliar na preven\u00e7\u00e3o. \u201cInforma\u00e7\u00e3o \u00e9 essencial\u201d, conclui.<\/p>\n","protected":false},"excerpt":{"rendered":"<p>Um alerta contundente marcou as previs\u00f5es deste domingo no Rio Grande do Sul. O meteorologista Luiz Fernando Nachtigall, da MetSul, pediu que a popula\u00e7\u00e3o \u201cleve a s\u00e9rio o que est\u00e1 vindo\u201d ao comentar, em publica\u00e7\u00e3o no site da empresa, a forma\u00e7\u00e3o de um ciclone de baixa press\u00e3o considerado incomum para a regi\u00e3o e previsto para [&hellip;]<\/p>\n","protected":false},"author":1,"featured_media":2081,"comment_status":"open","ping_status":"open","sticky":false,"template":"","format":"standard","meta":{"footnotes":""},"categories":[22,12],"tags":[],"class_list":["post-2080","post","type-post","status-publish","format-standard","has-post-thumbnail","hentry","category-meio-ambiente","category-nacionais"],"_links":{"self":[{"href":"https:\/\/diarionews.com.br\/index.php?rest_route=\/wp\/v2\/posts\/2080","targetHints":{"allow":["GET"]}}],"collection":[{"href":"https:\/\/diarionews.com.br\/index.php?rest_route=\/wp\/v2\/posts"}],"about":[{"href":"https:\/\/diarionews.com.br\/index.php?rest_route=\/wp\/v2\/types\/post"}],"author":[{"embeddable":true,"href":"https:\/\/diarionews.com.br\/index.php?rest_route=\/wp\/v2\/users\/1"}],"replies":[{"embeddable":true,"href":"https:\/\/diarionews.com.br\/index.php?rest_route=%2Fwp%2Fv2%2Fcomments&post=2080"}],"version-history":[{"count":1,"href":"https:\/\/diarionews.com.br\/index.php?rest_route=\/wp\/v2\/posts\/2080\/revisions"}],"predecessor-version":[{"id":2082,"href":"https:\/\/diarionews.com.br\/index.php?rest_route=\/wp\/v2\/posts\/2080\/revisions\/2082"}],"wp:featuredmedia":[{"embeddable":true,"href":"https:\/\/diarionews.com.br\/index.php?rest_route=\/wp\/v2\/media\/2081"}],"wp:attachment":[{"href":"https:\/\/diarionews.com.br\/index.php?rest_route=%2Fwp%2Fv2%2Fmedia&parent=2080"}],"wp:term":[{"taxonomy":"category","embeddable":true,"href":"https:\/\/diarionews.com.br\/index.php?rest_route=%2Fwp%2Fv2%2Fcategories&post=2080"},{"taxonomy":"post_tag","embeddable":true,"href":"https:\/\/diarionews.com.br\/index.php?rest_route=%2Fwp%2Fv2%2Ftags&post=2080"}],"curies":[{"name":"wp","href":"https:\/\/api.w.org\/{rel}","templated":true}]}}