{"id":2070,"date":"2025-12-08T05:06:07","date_gmt":"2025-12-08T09:06:07","guid":{"rendered":"https:\/\/diarionews.com.br\/?p=2070"},"modified":"2025-12-08T05:06:08","modified_gmt":"2025-12-08T09:06:08","slug":"cantor-mauri-irmao-de-chitaozinho-e-xororo-morre-em-acidente-na-regis-bittencourt","status":"publish","type":"post","link":"https:\/\/diarionews.com.br\/?p=2070","title":{"rendered":"Cantor Mauri, irm\u00e3o de Chit\u00e3ozinho e Xoror\u00f3, morre em acidente na R\u00e9gis Bittencourt"},"content":{"rendered":"\n<p>O cantor sertanejo Mauri Lima, irm\u00e3o de Chit\u00e3ozinho e Xoror\u00f3, morreu na tarde deste domingo (7) ap\u00f3s um grave acidente na Rodovia R\u00e9gis Bittencourt, em Miracatu (SP). Ele retornava de um show realizado horas antes em Curitiba quando a van da equipe colidiu com um caminh\u00e3o. A informa\u00e7\u00e3o foi confirmada pela fam\u00edlia por meio da assessoria.<\/p>\n\n\n\n<p><strong>Colis\u00e3o ap\u00f3s mal s\u00fabito do motorista<\/strong><br>O acidente ocorreu por volta das 14h40, no km 373 da BR-116. Segundo as primeiras apura\u00e7\u00f5es, o motorista da van teria passado mal, perdendo o controle do ve\u00edculo e batendo na traseira de um caminh\u00e3o. Mauri, de 55 anos, estava no banco dianteiro e n\u00e3o resistiu aos ferimentos. Ele precisou ser retirado das ferragens pelo Corpo de Bombeiros Militar.<\/p>\n\n\n\n<p>Al\u00e9m de Mauri, um t\u00e9cnico de som que acompanhava a equipe tamb\u00e9m morreu na colis\u00e3o. O cantor Maur\u00edcio, que fazia dupla com o irm\u00e3o desde 1990, estava sentado na parte de tr\u00e1s do ve\u00edculo e n\u00e3o sofreu ferimentos. O filho de Mauri, que trabalhava com a equipe, tamb\u00e9m saiu ileso.<\/p>\n\n\n\n<p><strong>Carreira e trajet\u00f3ria<\/strong><br>Nascido em 1970, em Mau\u00e1 (SP), Amauri Prud\u00eancio de Lima come\u00e7ou a carreira musical cedo, seguindo os passos da fam\u00edlia que se tornou refer\u00eancia da m\u00fasica sertaneja. A dupla Maur\u00edcio &amp; Mauri construiu trajet\u00f3ria s\u00f3lida ao longo de mais de tr\u00eas d\u00e9cadas, com apresenta\u00e7\u00f5es em todo o pa\u00eds. Atualmente, o cantor morava em Indaiatuba (SP).<\/p>\n\n\n\n<p><strong>Fam\u00edlia pede respeito ao momento de luto<\/strong><br>Em nota, a assessoria de Chit\u00e3ozinho e Xoror\u00f3 afirmou que o momento \u00e9 de profunda dor e agradeceu as manifesta\u00e7\u00f5es de carinho. \u201cAs informa\u00e7\u00f5es ainda est\u00e3o sendo consolidadas, mas Maur\u00edcio est\u00e1 fisicamente bem e sendo assistido. A fam\u00edlia agradece o entendimento de todos em se reservarem neste momento\u201d, diz o comunicado.<\/p>\n\n\n\n<p>A Pol\u00edcia Rodovi\u00e1ria Federal e equipes de resgate seguiram no local para atender a ocorr\u00eancia e liberar a via. As circunst\u00e2ncias detalhadas do acidente ainda ser\u00e3o investigadas.<\/p>\n\n\n\n<p>Confira abaixo um dos grandes sucessos da dupla Mauricio e Mauri<\/p>\n\n\n\n<figure class=\"wp-block-embed is-type-video is-provider-youtube wp-block-embed-youtube wp-embed-aspect-16-9 wp-has-aspect-ratio\"><div class=\"wp-block-embed__wrapper\">\n<div class=\"youtube-embed\" data-video_id=\"kjFnRrWVzIE\"><iframe loading=\"lazy\" title=\"Maur\u00edcio &amp; Mauri - Paix\u00e3o ou Loucura [Ac\u00fastico em Casa]\" width=\"696\" height=\"392\" src=\"https:\/\/www.youtube.com\/embed\/kjFnRrWVzIE?feature=oembed&#038;enablejsapi=1\" frameborder=\"0\" allow=\"accelerometer; autoplay; clipboard-write; encrypted-media; gyroscope; picture-in-picture; web-share\" referrerpolicy=\"strict-origin-when-cross-origin\" allowfullscreen><\/iframe><\/div>\n<\/div><\/figure>\n","protected":false},"excerpt":{"rendered":"<p>O cantor sertanejo Mauri Lima, irm\u00e3o de Chit\u00e3ozinho e Xoror\u00f3, morreu na tarde deste domingo (7) ap\u00f3s um grave acidente na Rodovia R\u00e9gis Bittencourt, em Miracatu (SP). Ele retornava de um show realizado horas antes em Curitiba quando a van da equipe colidiu com um caminh\u00e3o. A informa\u00e7\u00e3o foi confirmada pela fam\u00edlia por meio da [&hellip;]<\/p>\n","protected":false},"author":1,"featured_media":2072,"comment_status":"open","ping_status":"open","sticky":false,"template":"","format":"standard","meta":{"footnotes":""},"categories":[8,12],"tags":[],"class_list":["post-2070","post","type-post","status-publish","format-standard","has-post-thumbnail","hentry","category-cultura","category-nacionais"],"_links":{"self":[{"href":"https:\/\/diarionews.com.br\/index.php?rest_route=\/wp\/v2\/posts\/2070","targetHints":{"allow":["GET"]}}],"collection":[{"href":"https:\/\/diarionews.com.br\/index.php?rest_route=\/wp\/v2\/posts"}],"about":[{"href":"https:\/\/diarionews.com.br\/index.php?rest_route=\/wp\/v2\/types\/post"}],"author":[{"embeddable":true,"href":"https:\/\/diarionews.com.br\/index.php?rest_route=\/wp\/v2\/users\/1"}],"replies":[{"embeddable":true,"href":"https:\/\/diarionews.com.br\/index.php?rest_route=%2Fwp%2Fv2%2Fcomments&post=2070"}],"version-history":[{"count":1,"href":"https:\/\/diarionews.com.br\/index.php?rest_route=\/wp\/v2\/posts\/2070\/revisions"}],"predecessor-version":[{"id":2073,"href":"https:\/\/diarionews.com.br\/index.php?rest_route=\/wp\/v2\/posts\/2070\/revisions\/2073"}],"wp:featuredmedia":[{"embeddable":true,"href":"https:\/\/diarionews.com.br\/index.php?rest_route=\/wp\/v2\/media\/2072"}],"wp:attachment":[{"href":"https:\/\/diarionews.com.br\/index.php?rest_route=%2Fwp%2Fv2%2Fmedia&parent=2070"}],"wp:term":[{"taxonomy":"category","embeddable":true,"href":"https:\/\/diarionews.com.br\/index.php?rest_route=%2Fwp%2Fv2%2Fcategories&post=2070"},{"taxonomy":"post_tag","embeddable":true,"href":"https:\/\/diarionews.com.br\/index.php?rest_route=%2Fwp%2Fv2%2Ftags&post=2070"}],"curies":[{"name":"wp","href":"https:\/\/api.w.org\/{rel}","templated":true}]}}