{"id":2067,"date":"2025-12-08T08:49:10","date_gmt":"2025-12-08T12:49:10","guid":{"rendered":"https:\/\/diarionews.com.br\/?p=2067"},"modified":"2025-12-08T08:49:11","modified_gmt":"2025-12-08T12:49:11","slug":"acao-cadeira-vazia-alerta-sobre-violencia-contra-mulheres-na-feira-livre-de-alta-floresta","status":"publish","type":"post","link":"https:\/\/diarionews.com.br\/?p=2067","title":{"rendered":"A\u00e7\u00e3o \u201cCadeira Vazia\u201d alerta sobre viol\u00eancia contra mulheres na Feira Livre de Alta Floresta"},"content":{"rendered":"\n<p>O Conselho Municipal dos Direitos da Mulher de Alta Floresta levou neste domingo (8) a a\u00e7\u00e3o \u201cCadeira Vazia\u201d \u00e0 Feira Livre Municipal, um dos espa\u00e7os mais movimentados da cidade, para sensibilizar a popula\u00e7\u00e3o sobre os diferentes tipos de viol\u00eancia enfrentados pelas mulheres. A iniciativa foi coordenada pela presidente interina do conselho, Ilmarli Teixeira, que destacou a urg\u00eancia do tema diante do crescente n\u00famero de casos registrados no munic\u00edpio e no estado.<\/p>\n\n\n\n<p><strong>A simbologia da cadeira e o alerta sobre feminic\u00eddio<\/strong><br>O principal elemento da campanha \u00e9 uma cadeira decorada com uma coroa de girass\u00f3is. Segundo Ilmarli, o s\u00edmbolo busca representar a vida das mulheres e lembrar aquelas que n\u00e3o est\u00e3o mais presentes. A frase que acompanha a interven\u00e7\u00e3o, \u201cEssa cadeira est\u00e1 vazia porque uma mulher que poderia estar sentada aqui foi v\u00edtima de feminic\u00eddio\u201d, refor\u00e7a o impacto da mensagem. Ilmarli estava visivelmente emcionada e nao conteve as l\u00e1grimas enquanto conversava com a equipe do Diarionews.<\/p>\n\n\n\n<p>A presidente interina afirmou que Mato Grosso ocupa o segundo lugar no ranking nacional de feminic\u00eddios e que o cen\u00e1rio local \u00e9 igualmente preocupante. Em Alta Floresta, s\u00e3o frequentes os registros de agress\u00f5es e de medidas protetivas. \u201cA gente lida todos os dias com den\u00fancias das mais variadas formas de viol\u00eancia, desde a f\u00edsica at\u00e9 a patrimonial. \u00c9 dif\u00edcil olhar para esses n\u00fameros\u201d, afirmou.<\/p>\n\n\n\n<p><strong>Viol\u00eancia vai al\u00e9m das estat\u00edsticas, diz conselho<\/strong><br>Ilmarli explicou que a campanha busca chamar a aten\u00e7\u00e3o para tipos de viol\u00eancia que nem sempre s\u00e3o vis\u00edveis. \u201cA viol\u00eancia patrimonial n\u00e3o aparece, mas \u00e9 sentida. A viol\u00eancia emocional, o ass\u00e9dio, todos esses casos t\u00eam crescido\u201d, disse. Ela tamb\u00e9m comentou a recente propaganda do governo estadual, que afirma que 100% dos casos de feminic\u00eddio s\u00e3o solucionados. Para ela, a informa\u00e7\u00e3o \u00e9 parcial, pois n\u00e3o abrange os demais tipos de agress\u00f5es enfrentadas pelas mulheres. \u201cOs casos de morte s\u00e3o resolvidos. Mas e as outras viol\u00eancias? Essas n\u00e3o entram na estat\u00edstica.\u201d<\/p>\n\n\n\n<p><strong>Rede de apoio atua de forma integrada<\/strong><br>O Conselho Municipal dos Direitos da Mulher integra uma rede de prote\u00e7\u00e3o composta por \u00f3rg\u00e3os como Patrulha Maria da Penha, Minist\u00e9rio P\u00fablico, Pol\u00edcia Civil, Pol\u00edcia Militar, Cras, Creas e outras institui\u00e7\u00f5es municipais. Segundo Ilmarli, o trabalho conjunto garante suporte \u00e0s v\u00edtimas e amplia o alcance das a\u00e7\u00f5es de preven\u00e7\u00e3o e acolhimento.<\/p>\n\n\n\n<p>\u201cNossa finalidade \u00e9 estar nas ruas, nos espa\u00e7os p\u00fablicos, mostrando o papel do conselho e refor\u00e7ando a import\u00e2ncia de denunciar. Por isso estamos aqui na feira, conversando com as pessoas e trazendo a reflex\u00e3o de que viol\u00eancia contra a mulher n\u00e3o \u00e9 brincadeira\u201d, concluiu.<\/p>\n","protected":false},"excerpt":{"rendered":"<p>O Conselho Municipal dos Direitos da Mulher de Alta Floresta levou neste domingo (8) a a\u00e7\u00e3o \u201cCadeira Vazia\u201d \u00e0 Feira Livre Municipal, um dos espa\u00e7os mais movimentados da cidade, para sensibilizar a popula\u00e7\u00e3o sobre os diferentes tipos de viol\u00eancia enfrentados pelas mulheres. A iniciativa foi coordenada pela presidente interina do conselho, Ilmarli Teixeira, que destacou [&hellip;]<\/p>\n","protected":false},"author":1,"featured_media":2068,"comment_status":"open","ping_status":"open","sticky":false,"template":"","format":"standard","meta":{"footnotes":""},"categories":[6],"tags":[],"class_list":["post-2067","post","type-post","status-publish","format-standard","has-post-thumbnail","hentry","category-local"],"_links":{"self":[{"href":"https:\/\/diarionews.com.br\/index.php?rest_route=\/wp\/v2\/posts\/2067","targetHints":{"allow":["GET"]}}],"collection":[{"href":"https:\/\/diarionews.com.br\/index.php?rest_route=\/wp\/v2\/posts"}],"about":[{"href":"https:\/\/diarionews.com.br\/index.php?rest_route=\/wp\/v2\/types\/post"}],"author":[{"embeddable":true,"href":"https:\/\/diarionews.com.br\/index.php?rest_route=\/wp\/v2\/users\/1"}],"replies":[{"embeddable":true,"href":"https:\/\/diarionews.com.br\/index.php?rest_route=%2Fwp%2Fv2%2Fcomments&post=2067"}],"version-history":[{"count":1,"href":"https:\/\/diarionews.com.br\/index.php?rest_route=\/wp\/v2\/posts\/2067\/revisions"}],"predecessor-version":[{"id":2069,"href":"https:\/\/diarionews.com.br\/index.php?rest_route=\/wp\/v2\/posts\/2067\/revisions\/2069"}],"wp:featuredmedia":[{"embeddable":true,"href":"https:\/\/diarionews.com.br\/index.php?rest_route=\/wp\/v2\/media\/2068"}],"wp:attachment":[{"href":"https:\/\/diarionews.com.br\/index.php?rest_route=%2Fwp%2Fv2%2Fmedia&parent=2067"}],"wp:term":[{"taxonomy":"category","embeddable":true,"href":"https:\/\/diarionews.com.br\/index.php?rest_route=%2Fwp%2Fv2%2Fcategories&post=2067"},{"taxonomy":"post_tag","embeddable":true,"href":"https:\/\/diarionews.com.br\/index.php?rest_route=%2Fwp%2Fv2%2Ftags&post=2067"}],"curies":[{"name":"wp","href":"https:\/\/api.w.org\/{rel}","templated":true}]}}