{"id":2061,"date":"2025-12-07T18:57:18","date_gmt":"2025-12-07T22:57:18","guid":{"rendered":"https:\/\/diarionews.com.br\/?p=2061"},"modified":"2025-12-07T18:57:19","modified_gmt":"2025-12-07T22:57:19","slug":"alimenta-cidades-sera-ampliado-para-mil-municipios-a-partir-de-2026","status":"publish","type":"post","link":"https:\/\/diarionews.com.br\/?p=2061","title":{"rendered":"Alimenta Cidades ser\u00e1 ampliado para mil munic\u00edpios a partir de 2026"},"content":{"rendered":"\n<p>O governo federal dar\u00e1 um novo salto na pol\u00edtica de seguran\u00e7a alimentar a partir de 2026 ao ampliar a Estrat\u00e9gia Alimenta Cidades para at\u00e9 mil munic\u00edpios. A iniciativa, criada para fortalecer sistemas alimentares urbanos e combater desigualdades nutricionais, agora se consolida como um dos eixos centrais do Minist\u00e9rio do Desenvolvimento e Assist\u00eancia Social (MDS) no enfrentamento \u00e0 fome.<\/p>\n\n\n\n<p><strong>Expans\u00e3o para at\u00e9 1.000 cidades<\/strong><br>O an\u00fancio foi feito nesta sexta-feira (5) pelo MDS, que batizou a nova fase da pol\u00edtica de <em>Alimenta + 1.000<\/em>. A estrat\u00e9gia \u00e9 conduzida pela Secretaria Nacional de Seguran\u00e7a Alimentar e Nutricional (Sesan), com foco em apoiar munic\u00edpios na implementa\u00e7\u00e3o de sistemas alimentares saud\u00e1veis e sustent\u00e1veis.<\/p>\n\n\n\n<p>Atualmente, a a\u00e7\u00e3o est\u00e1 em 102 cidades, 60 atendidas em 2024, outras 24 inclu\u00eddas em 2025 e mais 18 no Rio Grande do Sul. Com a expans\u00e3o, o governo quer consolidar o Sistema Nacional de Seguran\u00e7a Alimentar e Nutricional (Sisan) como ferramenta estruturante nas pol\u00edticas alimentares.<\/p>\n\n\n\n<p><strong>Sistemas alimentares urbanos no centro da agenda<\/strong><br>A secret\u00e1ria nacional Lilian Rahal destacou que a iniciativa estimula o debate local sobre alimenta\u00e7\u00e3o nas cidades. Segundo ela, ampliar o acesso a alimentos saud\u00e1veis \u00e9 fundamental em territ\u00f3rios urbanos vulner\u00e1veis e marcados por inseguran\u00e7a alimentar.<\/p>\n\n\n\n<p>O MDS tem feito mapeamento da agenda alimentar urbana e desenhado rotas de implementa\u00e7\u00e3o espec\u00edficas para cada munic\u00edpio. \u201cChegar a mil munic\u00edpios significa avan\u00e7ar na consolida\u00e7\u00e3o do Sisan e refor\u00e7ar a import\u00e2ncia de pol\u00edticas alimentares em todos os n\u00edveis de governo\u201d, afirmou Rahal.<\/p>\n\n\n\n<p><strong>Efeitos das mudan\u00e7as clim\u00e1ticas<\/strong><br>A secret\u00e1ria extraordin\u00e1ria de Combate \u00e0 Pobreza e \u00e0 Fome, Val\u00e9ria Burity, ressaltou que o cen\u00e1rio clim\u00e1tico atual traz dificuldades in\u00e9ditas para produ\u00e7\u00e3o e acesso a alimentos. Por isso, defendeu a necessidade de sistemas de seguran\u00e7a alimentar mais robustos e integrados.<\/p>\n\n\n\n<p><strong>Foco em territ\u00f3rios vulner\u00e1veis<\/strong><br>A estrat\u00e9gia prioriza regi\u00f5es classificadas como desertos e p\u00e2ntanos alimentares, ampliando o apoio para que munic\u00edpios discutam e planejem a\u00e7\u00f5es que garantam acesso regular a alimentos adequados, especialmente nas periferias urbanas.<\/p>\n\n\n\n<p>A pol\u00edtica foi formalizada pelo Decreto n\u00ba 11.822, de dezembro de 2023, para fortalecer a\u00e7\u00f5es alimentares em cidades e territ\u00f3rios vulner\u00e1veis.<\/p>\n\n\n\n<p><strong>Objetivos da expans\u00e3o<\/strong><\/p>\n\n\n\n<ul class=\"wp-block-list\">\n<li>Apoiar at\u00e9 1.000 munic\u00edpios na implementa\u00e7\u00e3o da Estrat\u00e9gia Alimenta Cidades<\/li>\n\n\n\n<li>Fortalecer pol\u00edticas p\u00fablicas de seguran\u00e7a alimentar<\/li>\n\n\n\n<li>Fomentar inova\u00e7\u00e3o para sistemas alimentares saud\u00e1veis, resilientes e circulares<\/li>\n\n\n\n<li>Compartilhar experi\u00eancias entre cidades, pa\u00edses e regi\u00f5es<\/li>\n\n\n\n<li>Impulsionar a formula\u00e7\u00e3o de pol\u00edticas p\u00fablicas estruturantes<\/li>\n\n\n\n<li>Ampliar capacidades institucionais e comunica\u00e7\u00e3o entre gestores<\/li>\n\n\n\n<li>Facilitar acesso a financiamentos para desenvolvimento sustent\u00e1vel<\/li>\n<\/ul>\n\n\n\n<p><strong>Pilares da iniciativa<\/strong><\/p>\n\n\n\n<ul class=\"wp-block-list\">\n<li>Ades\u00e3o volunt\u00e1ria dos munic\u00edpios<\/li>\n\n\n\n<li>Desenvolvimento de capacidades institucionais<\/li>\n\n\n\n<li>Mentorias tem\u00e1ticas especializadas<\/li>\n\n\n\n<li>Coopera\u00e7\u00e3o nacional e internacional<\/li>\n\n\n\n<li>Inova\u00e7\u00e3o aberta<\/li>\n\n\n\n<li>Olhar integrado para o Sistema Alimentar Urbano<\/li>\n\n\n\n<li>Fortalecimento do Sisan<\/li>\n\n\n\n<li>Uso das plataformas digitais Alimenta Cidades e Trilha Alimenta Cidades<\/li>\n<\/ul>\n\n\n\n<p><strong>Como aderir<\/strong><br>Os munic\u00edpios devem manifestar interesse por formul\u00e1rio eletr\u00f4nico dispon\u00edvel na Plataforma Alimenta Cidades. Caso haja mais de mil inscritos, a sele\u00e7\u00e3o priorizar\u00e1 cidades do Protocolo Brasil Sem Fome e munic\u00edpios das regi\u00f5es Norte e Nordeste.<\/p>\n","protected":false},"excerpt":{"rendered":"<p>O governo federal dar\u00e1 um novo salto na pol\u00edtica de seguran\u00e7a alimentar a partir de 2026 ao ampliar a Estrat\u00e9gia Alimenta Cidades para at\u00e9 mil munic\u00edpios. A iniciativa, criada para fortalecer sistemas alimentares urbanos e combater desigualdades nutricionais, agora se consolida como um dos eixos centrais do Minist\u00e9rio do Desenvolvimento e Assist\u00eancia Social (MDS) no [&hellip;]<\/p>\n","protected":false},"author":1,"featured_media":2062,"comment_status":"open","ping_status":"open","sticky":false,"template":"","format":"standard","meta":{"footnotes":""},"categories":[20],"tags":[],"class_list":["post-2061","post","type-post","status-publish","format-standard","has-post-thumbnail","hentry","category-economia"],"_links":{"self":[{"href":"https:\/\/diarionews.com.br\/index.php?rest_route=\/wp\/v2\/posts\/2061","targetHints":{"allow":["GET"]}}],"collection":[{"href":"https:\/\/diarionews.com.br\/index.php?rest_route=\/wp\/v2\/posts"}],"about":[{"href":"https:\/\/diarionews.com.br\/index.php?rest_route=\/wp\/v2\/types\/post"}],"author":[{"embeddable":true,"href":"https:\/\/diarionews.com.br\/index.php?rest_route=\/wp\/v2\/users\/1"}],"replies":[{"embeddable":true,"href":"https:\/\/diarionews.com.br\/index.php?rest_route=%2Fwp%2Fv2%2Fcomments&post=2061"}],"version-history":[{"count":1,"href":"https:\/\/diarionews.com.br\/index.php?rest_route=\/wp\/v2\/posts\/2061\/revisions"}],"predecessor-version":[{"id":2063,"href":"https:\/\/diarionews.com.br\/index.php?rest_route=\/wp\/v2\/posts\/2061\/revisions\/2063"}],"wp:featuredmedia":[{"embeddable":true,"href":"https:\/\/diarionews.com.br\/index.php?rest_route=\/wp\/v2\/media\/2062"}],"wp:attachment":[{"href":"https:\/\/diarionews.com.br\/index.php?rest_route=%2Fwp%2Fv2%2Fmedia&parent=2061"}],"wp:term":[{"taxonomy":"category","embeddable":true,"href":"https:\/\/diarionews.com.br\/index.php?rest_route=%2Fwp%2Fv2%2Fcategories&post=2061"},{"taxonomy":"post_tag","embeddable":true,"href":"https:\/\/diarionews.com.br\/index.php?rest_route=%2Fwp%2Fv2%2Ftags&post=2061"}],"curies":[{"name":"wp","href":"https:\/\/api.w.org\/{rel}","templated":true}]}}