{"id":2052,"date":"2025-12-09T08:25:00","date_gmt":"2025-12-09T12:25:00","guid":{"rendered":"https:\/\/diarionews.com.br\/?p=2052"},"modified":"2025-12-07T06:26:55","modified_gmt":"2025-12-07T10:26:55","slug":"justica-aceita-denuncia-contra-homem-que-matou-professora-em-sc","status":"publish","type":"post","link":"https:\/\/diarionews.com.br\/?p=2052","title":{"rendered":"Justi\u00e7a aceita den\u00fancia contra homem que matou professora em SC"},"content":{"rendered":"\n<p>A Justi\u00e7a de Santa Catarina aceitou a den\u00fancia do MPSC contra Giovane Correa Mayer, acusado de estuprar e assassinar a professora Catarina Kasten em uma trilha de Florian\u00f3polis em novembro de 2025. Ele passa a responder por feminic\u00eddio, estupro e oculta\u00e7\u00e3o de cad\u00e1ver, com qualificadoras como asfixia, emboscada e recurso que dificultou a defesa da v\u00edtima.<\/p>\n\n\n\n<p><strong>Den\u00fancia e crimes<\/strong><br>O processo, em sigilo devido ao car\u00e1ter sexual do crime, foi apresentado pelo promotor Jo\u00e3o Gon\u00e7alves de Souza Neto, da 36\u00aa Promotoria de Justi\u00e7a da Capital. Mayer \u00e9 r\u00e9u por feminic\u00eddio (art. 121-A, \u00a7 1\u00ba, II, CP), com qualificadoras de asfixia (art. 121, \u00a7 2\u00ba, III), recurso que dificultou a defesa (art. 121, \u00a7 2\u00ba, IV) e oculta\u00e7\u00e3o de cad\u00e1ver (art. 61, II, b, CP). Ele tamb\u00e9m responde por estupro (art. 213, caput, CP), com agravante de emboscada (art. 61, II, c, CP), e por oculta\u00e7\u00e3o de cad\u00e1ver (art. 211, CP).<\/p>\n\n\n\n<p><strong>Crime e pris\u00e3o<\/strong><br>Catarina Kasten, professora de ingl\u00eas e aluna de p\u00f3s-gradua\u00e7\u00e3o na UFSC, foi encontrada morta na trilha da Praia do Matadeiro, sem roupas e com sinais de viol\u00eancia. Mayer foi identificado por imagens de c\u00e2meras de seguran\u00e7a e preso no mesmo dia. Ele confessou ter cometido o crime, alegando ter ouvido \u201cum chamado\u201d antes do ataque.<\/p>\n\n\n\n<p><strong>Repercuss\u00e3o e homenagens<\/strong><br>Familiares e amigos prestaram homenagem \u00e0 professora na Igreja da Arma\u00e7\u00e3o e pediram maior seguran\u00e7a para mulheres em Florian\u00f3polis. A UFSC lamentou a morte e refor\u00e7ou que tais crimes n\u00e3o podem ser naturalizados.<\/p>\n\n\n\n<p><strong>Como denunciar viol\u00eancia contra mulheres<\/strong><br>Em casos de agress\u00e3o, disque 190 (Pol\u00edcia Militar) ou 180 (Central de Atendimento \u00e0 Mulher). Tamb\u00e9m \u00e9 poss\u00edvel usar o Disque 100, o aplicativo Direitos Humanos Brasil ou a Ouvidoria Nacional de Direitos Humanos do MMFDH. V\u00edtimas t\u00eam at\u00e9 seis meses para denunciar casos de viol\u00eancia dom\u00e9stica.<\/p>\n\n\n\n<p><strong>Viol\u00eancia sexual no Brasil<\/strong><br>Segundo o Anu\u00e1rio Brasileiro de Seguran\u00e7a P\u00fablica, em 2019 foram registrados 181 estupros por dia; em 2020, 141 por dia no primeiro semestre. Em 58% dos casos, a v\u00edtima tinha at\u00e9 13 anos, caracterizando estupro de vulner\u00e1vel.<\/p>\n\n\n\n<p><\/p>\n","protected":false},"excerpt":{"rendered":"<p>A Justi\u00e7a de Santa Catarina aceitou a den\u00fancia do MPSC contra Giovane Correa Mayer, acusado de estuprar e assassinar a professora Catarina Kasten em uma trilha de Florian\u00f3polis em novembro de 2025. Ele passa a responder por feminic\u00eddio, estupro e oculta\u00e7\u00e3o de cad\u00e1ver, com qualificadoras como asfixia, emboscada e recurso que dificultou a defesa da [&hellip;]<\/p>\n","protected":false},"author":1,"featured_media":1117,"comment_status":"open","ping_status":"open","sticky":false,"template":"","format":"standard","meta":{"footnotes":""},"categories":[12],"tags":[],"class_list":["post-2052","post","type-post","status-publish","format-standard","has-post-thumbnail","hentry","category-nacionais"],"_links":{"self":[{"href":"https:\/\/diarionews.com.br\/index.php?rest_route=\/wp\/v2\/posts\/2052","targetHints":{"allow":["GET"]}}],"collection":[{"href":"https:\/\/diarionews.com.br\/index.php?rest_route=\/wp\/v2\/posts"}],"about":[{"href":"https:\/\/diarionews.com.br\/index.php?rest_route=\/wp\/v2\/types\/post"}],"author":[{"embeddable":true,"href":"https:\/\/diarionews.com.br\/index.php?rest_route=\/wp\/v2\/users\/1"}],"replies":[{"embeddable":true,"href":"https:\/\/diarionews.com.br\/index.php?rest_route=%2Fwp%2Fv2%2Fcomments&post=2052"}],"version-history":[{"count":1,"href":"https:\/\/diarionews.com.br\/index.php?rest_route=\/wp\/v2\/posts\/2052\/revisions"}],"predecessor-version":[{"id":2053,"href":"https:\/\/diarionews.com.br\/index.php?rest_route=\/wp\/v2\/posts\/2052\/revisions\/2053"}],"wp:featuredmedia":[{"embeddable":true,"href":"https:\/\/diarionews.com.br\/index.php?rest_route=\/wp\/v2\/media\/1117"}],"wp:attachment":[{"href":"https:\/\/diarionews.com.br\/index.php?rest_route=%2Fwp%2Fv2%2Fmedia&parent=2052"}],"wp:term":[{"taxonomy":"category","embeddable":true,"href":"https:\/\/diarionews.com.br\/index.php?rest_route=%2Fwp%2Fv2%2Fcategories&post=2052"},{"taxonomy":"post_tag","embeddable":true,"href":"https:\/\/diarionews.com.br\/index.php?rest_route=%2Fwp%2Fv2%2Ftags&post=2052"}],"curies":[{"name":"wp","href":"https:\/\/api.w.org\/{rel}","templated":true}]}}