{"id":2041,"date":"2025-12-08T05:52:04","date_gmt":"2025-12-08T09:52:04","guid":{"rendered":"https:\/\/diarionews.com.br\/?p=2041"},"modified":"2025-12-07T05:55:46","modified_gmt":"2025-12-07T09:55:46","slug":"xp-investimentos-revisa-projecao-do-ipca-de-2025-para-43-dentro-do-limite-da-meta","status":"publish","type":"post","link":"https:\/\/diarionews.com.br\/?p=2041","title":{"rendered":"XP Investimentos revisa proje\u00e7\u00e3o do IPCA de 2025 para 4,3%, dentro do limite da meta"},"content":{"rendered":"\n<p>A XP Investimentos reduziu sua estimativa de infla\u00e7\u00e3o para 2025 de 4,5% para 4,3%, segundo o economista Alexandre Maluf, em raz\u00e3o da desacelera\u00e7\u00e3o cont\u00ednua nos pre\u00e7os de alimentos e bens industrializados. A pr\u00e9via do IPCA-15 de novembro indicou uma din\u00e2mica benigna de pre\u00e7os, com defla\u00e7\u00e3o tanto em bens industrializados quanto em alimentos, alinhada \u00e0 trajet\u00f3ria do \u00edndice de pre\u00e7os ao atacado (IPA).<\/p>\n\n\n\n<p>As medidas de n\u00facleo, que excluem itens vol\u00e1teis, ca\u00edram para 3,4%, o menor n\u00edvel do ano, refor\u00e7ando a expectativa de infla\u00e7\u00e3o controlada. Para bens industrializados, a XP projeta alta moderada de 2,3% em 2025 e 2,6% em 2026, enquanto alimentos permanecem com pre\u00e7os historicamente baixos, refletindo clima favor\u00e1vel, produtividade elevada e queda de 17% no \u00edndice CRB de alimentos no mercado internacional at\u00e9 novembro. O aumento esperado nas prote\u00ednas no segundo semestre ter\u00e1 impacto limitado devido \u00e0 oferta elevada de frango e ovos.<\/p>\n\n\n\n<p>Nos servi\u00e7os, houve modera\u00e7\u00e3o recente, como na queda de 1,5% nos pre\u00e7os de seguros de ve\u00edculos em novembro, mas servi\u00e7os intensivos em m\u00e3o de obra seguem pressionados, mantendo infla\u00e7\u00e3o acima da meta. A XP projeta 6,2% para 2025 e 5,3% para 2026 nesse grupo.<\/p>\n\n\n\n<p>Quanto aos itens monitorados, a bandeira amarela de energia el\u00e9trica deve permanecer em dezembro e em 2026, com possibilidade de acionamento da bandeira verde no \u00faltimo trimestre caso o fen\u00f4meno El Ni\u00f1o se confirme, reduzindo o IPCA em 0,1 ponto percentual. Para combust\u00edveis, n\u00e3o s\u00e3o esperados reajustes em 2026.<br><br>Com informa\u00e7\u00f5es do site: Infomoney<\/p>\n","protected":false},"excerpt":{"rendered":"<p>A XP Investimentos reduziu sua estimativa de infla\u00e7\u00e3o para 2025 de 4,5% para 4,3%, segundo o economista Alexandre Maluf, em raz\u00e3o da desacelera\u00e7\u00e3o cont\u00ednua nos pre\u00e7os de alimentos e bens industrializados. A pr\u00e9via do IPCA-15 de novembro indicou uma din\u00e2mica benigna de pre\u00e7os, com defla\u00e7\u00e3o tanto em bens industrializados quanto em alimentos, alinhada \u00e0 trajet\u00f3ria [&hellip;]<\/p>\n","protected":false},"author":1,"featured_media":2042,"comment_status":"open","ping_status":"open","sticky":false,"template":"","format":"standard","meta":{"footnotes":""},"categories":[20],"tags":[],"class_list":["post-2041","post","type-post","status-publish","format-standard","has-post-thumbnail","hentry","category-economia"],"_links":{"self":[{"href":"https:\/\/diarionews.com.br\/index.php?rest_route=\/wp\/v2\/posts\/2041","targetHints":{"allow":["GET"]}}],"collection":[{"href":"https:\/\/diarionews.com.br\/index.php?rest_route=\/wp\/v2\/posts"}],"about":[{"href":"https:\/\/diarionews.com.br\/index.php?rest_route=\/wp\/v2\/types\/post"}],"author":[{"embeddable":true,"href":"https:\/\/diarionews.com.br\/index.php?rest_route=\/wp\/v2\/users\/1"}],"replies":[{"embeddable":true,"href":"https:\/\/diarionews.com.br\/index.php?rest_route=%2Fwp%2Fv2%2Fcomments&post=2041"}],"version-history":[{"count":1,"href":"https:\/\/diarionews.com.br\/index.php?rest_route=\/wp\/v2\/posts\/2041\/revisions"}],"predecessor-version":[{"id":2043,"href":"https:\/\/diarionews.com.br\/index.php?rest_route=\/wp\/v2\/posts\/2041\/revisions\/2043"}],"wp:featuredmedia":[{"embeddable":true,"href":"https:\/\/diarionews.com.br\/index.php?rest_route=\/wp\/v2\/media\/2042"}],"wp:attachment":[{"href":"https:\/\/diarionews.com.br\/index.php?rest_route=%2Fwp%2Fv2%2Fmedia&parent=2041"}],"wp:term":[{"taxonomy":"category","embeddable":true,"href":"https:\/\/diarionews.com.br\/index.php?rest_route=%2Fwp%2Fv2%2Fcategories&post=2041"},{"taxonomy":"post_tag","embeddable":true,"href":"https:\/\/diarionews.com.br\/index.php?rest_route=%2Fwp%2Fv2%2Ftags&post=2041"}],"curies":[{"name":"wp","href":"https:\/\/api.w.org\/{rel}","templated":true}]}}