{"id":15030,"date":"2026-09-06T17:40:55","date_gmt":"2026-09-06T21:40:55","guid":{"rendered":"https:\/\/diarionews.com.br\/?p=15030"},"modified":"2026-09-06T17:40:58","modified_gmt":"2026-09-06T21:40:58","slug":"cutucaram-tai-anitta-assume-posto-de-virginia-como-rainha-da-grande-rio","status":"publish","type":"post","link":"https:\/\/diarionews.com.br\/?p=15030","title":{"rendered":"Cutucaram, ta\u00ed! Anitta assume posto de Virginia como rainha da Grande Rio"},"content":{"rendered":"\n<p>A Grande Rio confirmou neste domingo, 6 de setembro de 2026, Anitta como sua nova rainha de bateria para o Carnaval de 2027. O an\u00fancio foi feito pela pr\u00f3pria escola e pela cantora nas redes sociais. Com a confirma\u00e7\u00e3o, a artista assume o posto que foi ocupado por Virginia Fonseca no desfile deste ano e estar\u00e1 \u00e0 frente dos ritmistas da agremia\u00e7\u00e3o de Duque de Caxias na Marqu\u00eas de Sapuca\u00ed.<\/p>\n\n\n\n<p>Anitta afirmou que recebeu o convite com muito respeito e destacou a import\u00e2ncia do Carnaval para a cultura brasileira. A cantora tamb\u00e9m reconheceu que ter\u00e1 o desafio de conciliar a fun\u00e7\u00e3o com sua agenda profissional, mas disse estar disposta a se dedicar ao novo compromisso. Antes de aceitar o convite, ela conversou com Paolla Oliveira, que ocupou o posto de rainha da Grande Rio por sete anos e manifestou apoio \u00e0 escolha da artista.<\/p>\n\n\n\n<p>A confirma\u00e7\u00e3o ocorre um dia depois de ganhar for\u00e7a a informa\u00e7\u00e3o de que Virginia n\u00e3o participaria da tradicional passagem de coroa. Segundo a assessoria da influenciadora, teria havido um pedido da equipe da nova rainha para que a cerim\u00f4nia n\u00e3o fosse realizada, e a Grande Rio teria acatado a decis\u00e3o. A escola, por\u00e9m, havia informado anteriormente que desconhecia as alega\u00e7\u00f5es. A coroa\u00e7\u00e3o de Anitta est\u00e1 prevista para 20 de setembro, mesma data da final que definir\u00e1 o samba-enredo da agremia\u00e7\u00e3o.<\/p>\n\n\n\n<p>Al\u00e9m de assumir o posto de rainha de bateria, Anitta tem uma liga\u00e7\u00e3o direta com o desfile da Grande Rio em 2027. A cantora participa da composi\u00e7\u00e3o de um samba que disputa a escolha oficial da escola. A agremia\u00e7\u00e3o levar\u00e1 \u00e0 Sapuca\u00ed o enredo \u201cSankofa Tabon \u2013 Os Retornados da Costa do Ouro e a Estrela Negra da Liberdade\u201d, que aborda a trajet\u00f3ria de africanos escravizados que conquistaram a liberdade e retornaram \u00e0 \u00c1frica Ocidental, com destaque para a regi\u00e3o da atual Gana.<\/p>\n\n\n\n<p>A chegada de Anitta encerra o ciclo de Virginia Fonseca \u00e0 frente da bateria da Grande Rio. A influenciadora havia anunciado sua sa\u00edda do posto em agosto, ap\u00f3s o Carnaval de 2026. Agora, a cantora se prepara para sua estreia como rainha da escola em um dos principais destaques do Carnaval carioca, enquanto a Grande Rio inicia a prepara\u00e7\u00e3o para o desfile de 2027 com uma nova representante \u00e0 frente de sua bateria.<\/p>\n","protected":false},"excerpt":{"rendered":"<p>A Grande Rio confirmou neste domingo, 6 de setembro de 2026, Anitta como sua nova rainha de bateria para o Carnaval de 2027. O an\u00fancio foi feito pela pr\u00f3pria escola e pela cantora nas redes sociais. Com a confirma\u00e7\u00e3o, a artista assume o posto que foi ocupado por Virginia Fonseca no desfile deste ano e [&hellip;]<\/p>\n","protected":false},"author":3,"featured_media":15031,"comment_status":"open","ping_status":"open","sticky":false,"template":"","format":"standard","meta":{"footnotes":""},"categories":[8],"tags":[956],"class_list":["post-15030","post","type-post","status-publish","format-standard","has-post-thumbnail","hentry","category-cultura","tag-importante"],"_links":{"self":[{"href":"https:\/\/diarionews.com.br\/index.php?rest_route=\/wp\/v2\/posts\/15030","targetHints":{"allow":["GET"]}}],"collection":[{"href":"https:\/\/diarionews.com.br\/index.php?rest_route=\/wp\/v2\/posts"}],"about":[{"href":"https:\/\/diarionews.com.br\/index.php?rest_route=\/wp\/v2\/types\/post"}],"author":[{"embeddable":true,"href":"https:\/\/diarionews.com.br\/index.php?rest_route=\/wp\/v2\/users\/3"}],"replies":[{"embeddable":true,"href":"https:\/\/diarionews.com.br\/index.php?rest_route=%2Fwp%2Fv2%2Fcomments&post=15030"}],"version-history":[{"count":1,"href":"https:\/\/diarionews.com.br\/index.php?rest_route=\/wp\/v2\/posts\/15030\/revisions"}],"predecessor-version":[{"id":15032,"href":"https:\/\/diarionews.com.br\/index.php?rest_route=\/wp\/v2\/posts\/15030\/revisions\/15032"}],"wp:featuredmedia":[{"embeddable":true,"href":"https:\/\/diarionews.com.br\/index.php?rest_route=\/wp\/v2\/media\/15031"}],"wp:attachment":[{"href":"https:\/\/diarionews.com.br\/index.php?rest_route=%2Fwp%2Fv2%2Fmedia&parent=15030"}],"wp:term":[{"taxonomy":"category","embeddable":true,"href":"https:\/\/diarionews.com.br\/index.php?rest_route=%2Fwp%2Fv2%2Fcategories&post=15030"},{"taxonomy":"post_tag","embeddable":true,"href":"https:\/\/diarionews.com.br\/index.php?rest_route=%2Fwp%2Fv2%2Ftags&post=15030"}],"curies":[{"name":"wp","href":"https:\/\/api.w.org\/{rel}","templated":true}]}}