{"id":15014,"date":"2026-09-06T14:04:00","date_gmt":"2026-09-06T18:04:00","guid":{"rendered":"https:\/\/diarionews.com.br\/?p=15014"},"modified":"2026-09-06T07:08:48","modified_gmt":"2026-09-06T11:08:48","slug":"novo-ciclo-primeiras-pancadas-anunciam-fim-da-seca-em-mt","status":"publish","type":"post","link":"https:\/\/diarionews.com.br\/?p=15014","title":{"rendered":"Novo ciclo: primeiras pancadas anunciam fim da seca em MT"},"content":{"rendered":"\n<p>Depois de meses de estiagem, calor intenso e baixa umidade do ar, as primeiras pancadas de chuva come\u00e7am a aparecer em Mato Grosso a partir de setembro. O per\u00edodo \u00e9 aguardado pela popula\u00e7\u00e3o e tamb\u00e9m pelas plantas, e ganhou na cultura popular os nomes de \u201cchuva do caju\u201d e \u201cchuva da manga\u201d, em refer\u00eancia ao ciclo de \u00e1rvores que come\u00e7am a responder \u00e0 mudan\u00e7a das condi\u00e7\u00f5es clim\u00e1ticas.<\/p>\n\n\n\n<p>Apesar de serem express\u00f5es tradicionais, \u201cchuva do caju\u201d e \u201cchuva da manga\u201d n\u00e3o correspondem a um fen\u00f4meno meteorol\u00f3gico espec\u00edfico. Os termos est\u00e3o relacionados ao per\u00edodo de transi\u00e7\u00e3o entre a esta\u00e7\u00e3o seca e o retorno das chuvas. Com a chegada da umidade, cajueiros e mangueiras encontram condi\u00e7\u00f5es mais favor\u00e1veis para retomar seus ciclos naturais, o que ajudou a popularizar os nomes entre os moradores de Mato Grosso.<\/p>\n\n\n\n<p>A chegada das primeiras chuvas tamb\u00e9m representa al\u00edvio depois de semanas ou meses de tempo seco. Em algumas regi\u00f5es do Estado, as temperaturas durante o per\u00edodo de estiagem se aproximaram dos 42\u00b0C, enquanto a baixa umidade aumentou o desconforto e agravou as condi\u00e7\u00f5es de seca. As primeiras pancadas, mesmo quando ainda s\u00e3o irregulares, ajudam a modificar gradualmente esse cen\u00e1rio.<\/p>\n\n\n\n<p>O retorno da chuva, no entanto, n\u00e3o significa que a esta\u00e7\u00e3o chuvosa esteja imediatamente estabelecida em todo o territ\u00f3rio mato-grossense. As precipita\u00e7\u00f5es podem ocorrer de maneira localizada e com diferentes volumes entre as regi\u00f5es. Por isso, uma primeira pancada n\u00e3o deve ser interpretada isoladamente como o encerramento definitivo da seca.<\/p>\n\n\n\n<p>A express\u00e3o popular permanece, assim, como uma forma tradicional de identificar uma mudan\u00e7a que pode ser percebida tanto no ambiente quanto no cotidiano. O verde come\u00e7a a retornar, as plantas respondem \u00e0 umidade e o calor extremo tende a perder espa\u00e7o gradualmente conforme o per\u00edodo chuvoso avan\u00e7a.<\/p>\n\n\n\n<p><\/p>\n","protected":false},"excerpt":{"rendered":"<p>Depois de meses de estiagem, calor intenso e baixa umidade do ar, as primeiras pancadas de chuva come\u00e7am a aparecer em Mato Grosso a partir de setembro. O per\u00edodo \u00e9 aguardado pela popula\u00e7\u00e3o e tamb\u00e9m pelas plantas, e ganhou na cultura popular os nomes de \u201cchuva do caju\u201d e \u201cchuva da manga\u201d, em refer\u00eancia ao [&hellip;]<\/p>\n","protected":false},"author":3,"featured_media":15015,"comment_status":"open","ping_status":"open","sticky":false,"template":"","format":"standard","meta":{"footnotes":""},"categories":[18,15],"tags":[956],"class_list":["post-15014","post","type-post","status-publish","format-standard","has-post-thumbnail","hentry","category-estaduais","category-agropecuaria","tag-importante"],"_links":{"self":[{"href":"https:\/\/diarionews.com.br\/index.php?rest_route=\/wp\/v2\/posts\/15014","targetHints":{"allow":["GET"]}}],"collection":[{"href":"https:\/\/diarionews.com.br\/index.php?rest_route=\/wp\/v2\/posts"}],"about":[{"href":"https:\/\/diarionews.com.br\/index.php?rest_route=\/wp\/v2\/types\/post"}],"author":[{"embeddable":true,"href":"https:\/\/diarionews.com.br\/index.php?rest_route=\/wp\/v2\/users\/3"}],"replies":[{"embeddable":true,"href":"https:\/\/diarionews.com.br\/index.php?rest_route=%2Fwp%2Fv2%2Fcomments&post=15014"}],"version-history":[{"count":1,"href":"https:\/\/diarionews.com.br\/index.php?rest_route=\/wp\/v2\/posts\/15014\/revisions"}],"predecessor-version":[{"id":15016,"href":"https:\/\/diarionews.com.br\/index.php?rest_route=\/wp\/v2\/posts\/15014\/revisions\/15016"}],"wp:featuredmedia":[{"embeddable":true,"href":"https:\/\/diarionews.com.br\/index.php?rest_route=\/wp\/v2\/media\/15015"}],"wp:attachment":[{"href":"https:\/\/diarionews.com.br\/index.php?rest_route=%2Fwp%2Fv2%2Fmedia&parent=15014"}],"wp:term":[{"taxonomy":"category","embeddable":true,"href":"https:\/\/diarionews.com.br\/index.php?rest_route=%2Fwp%2Fv2%2Fcategories&post=15014"},{"taxonomy":"post_tag","embeddable":true,"href":"https:\/\/diarionews.com.br\/index.php?rest_route=%2Fwp%2Fv2%2Ftags&post=15014"}],"curies":[{"name":"wp","href":"https:\/\/api.w.org\/{rel}","templated":true}]}}