{"id":15011,"date":"2026-09-06T07:04:13","date_gmt":"2026-09-06T11:04:13","guid":{"rendered":"https:\/\/diarionews.com.br\/?p=15011"},"modified":"2026-09-06T07:04:15","modified_gmt":"2026-09-06T11:04:15","slug":"concurso-para-cartorios-do-tjmt-reune-mais-de-14-mil-candidatos-em-cuiaba","status":"publish","type":"post","link":"https:\/\/diarionews.com.br\/?p=15011","title":{"rendered":"Concurso para cart\u00f3rios do TJMT re\u00fane mais de 1,4 mil candidatos em Cuiab\u00e1"},"content":{"rendered":"\n<p>O Tribunal de Justi\u00e7a de Mato Grosso (TJMT) realiza neste fim de semana a primeira etapa do Concurso P\u00fablico de Provas e T\u00edtulos para Outorga de Delega\u00e7\u00f5es de Notas e de Registro do Foro Extrajudicial. Ao todo, 1.421 candidatos est\u00e3o aptos a participar da prova objetiva, realizada em Cuiab\u00e1 nas modalidades de provimento e remo\u00e7\u00e3o.<\/p>\n\n\n\n<p>Neste s\u00e1bado (5), a prova foi destinada aos candidatos que concorrem \u00e0s serventias pela modalidade de provimento. No domingo (6), ser\u00e1 a vez dos inscritos para remo\u00e7\u00e3o, destinada a quem j\u00e1 exerce a titularidade de uma serventia extrajudicial e busca assumir outra unidade.<\/p>\n\n\n\n<p><img decoding=\"async\" src=\"https:\/\/cms-midia.tjmt.jus.br\/dsaportaltjmt\/biblioteca-midia\/020d0000-0aa4-0a58-cc62-08df0b7575ef\/020d0000-0aa4-0a58-cd9e-08df0b7575ef.webp\" alt=\"Homem de meia-idade, cabelos escuros grisalhos e terno azul com gravata estampada, olha para o lado com express\u00e3o s\u00e9ria. Ele est\u00e1 sendo entrevistado com um microfone preto da &quot;TV JUS&quot; apontado em sua dire\u00e7\u00e3o.\"><\/p>\n\n\n\n<p>Presidente da Comiss\u00e3o Examinadora do concurso, o desembargador Jones Gattass Dias explicou que o certame \u00e9 fundamental para regularizar a situa\u00e7\u00e3o das serventias que atualmente est\u00e3o vagas e s\u00e3o administradas provisoriamente por interinos.<\/p>\n\n\n\n<p>\u201cO que n\u00f3s estamos promovendo \u00e9 uma etapa do concurso do foro extrajudicial, que busca regularizar a situa\u00e7\u00e3o dos cart\u00f3rios que se encontram com interinos, pessoas que est\u00e3o substituindo enquanto n\u00e3o h\u00e1 um titular. O concurso abre essas vagas para que essas serventias passem a ter seus titulares\u201d, destacou.<\/p>\n\n\n\n<p>Segundo o desembargador, a sele\u00e7\u00e3o atrai candidatos altamente qualificados e preparados ao longo de anos para disputar uma delega\u00e7\u00e3o. A concorr\u00eancia, segundo ele, tamb\u00e9m reflete a responsabilidade de quem assume a presta\u00e7\u00e3o dos servi\u00e7os notariais e de registro.<\/p>\n\n\n\n<p>\u201c\u00c9 um certame de pessoas altamente qualificadas, que se dedicaram muito tempo e estavam aguardando esse momento. O n\u00edvel de concorr\u00eancia \u00e9 bastante elevado, e isso \u00e9 bom. A responsabilidade decorrente de uma delega\u00e7\u00e3o extrajudicial exige que sejam pessoas realmente preparadas para exercer essa fun\u00e7\u00e3o\u201d, ressaltou Jones Gattass.<\/p>\n\n\n\n<figure class=\"wp-block-image\"><img decoding=\"async\" src=\"https:\/\/cms-midia.tjmt.jus.br\/dsaportaltjmt\/biblioteca-midia\/026a0000-0aa6-0a58-1be8-08df0b75843b\/026a0000-0aa6-0a58-1c95-08df0b75843b.webp\" alt=\"Homem de meia-idade, com cabelos grisalhos, \u00f3culos de arma\u00e7\u00e3o escura e camisa cinza, sorri olhando para a c\u00e2mera. Um microfone da &quot;TV JUSTI\u00c7A&quot; est\u00e1 posicionado logo abaixo do seu queixo.\"\/><\/figure>\n\n\n\n<p>Entre os candidatos est\u00e1 o oficial de Justi\u00e7a Federal Paulo Roberto Breunig, que veio de C\u00e1ceres (217 km de Cuiab\u00e1) participou pela primeira vez de um concurso para cart\u00f3rios. Ele contou que a prepara\u00e7\u00e3o come\u00e7ou h\u00e1 anos e v\u00ea a carreira como um novo projeto profissional. \u201cA prepara\u00e7\u00e3o foi bem longa. Venho estudando h\u00e1 anos. \u00c9 uma grande responsabilidade e tamb\u00e9m existe a perspectiva de, posteriormente, fazer concurso de remo\u00e7\u00e3o\u201d, afirmou.<br><\/p>\n\n\n\n<p><img decoding=\"async\" src=\"https:\/\/cms-midia.tjmt.jus.br\/dsaportaltjmt\/biblioteca-midia\/026a0000-0aa6-0a58-9e6c-08df0b7584a5\/026a0000-0aa6-0a58-9f8a-08df0b7584a5.webp\" alt=\"Plano m\u00e9dio de uma mulher jovem de pele clara, cabelos loiros lisos e \u00f3culos de grau finos, sorrindo levemente enquanto fala. \u00c0 sua frente, h\u00e1 um microfone preto com o logotipo &quot;TV JUS&quot;. Ao fundo, ambiente externo desfocado com tons azuis e verdes.\"><\/p>\n\n\n\n<p>A tabeli\u00e3 substituta Beatriz da Rosa Guimar\u00e3es percorreu mais de dois mil quil\u00f4metros, saindo de Passo Fundo, no Rio Grande do Sul, para participar da sele\u00e7\u00e3o em Mato Grosso. H\u00e1 cerca de um ano se preparando, ela conta que a escolha pela atividade extrajudicial tamb\u00e9m tem influ\u00eancia familiar. \u201cMinha m\u00e3e \u00e9 tabeli\u00e3 de notas, eu admiro bastante a profiss\u00e3o e acabei tendo essa vontade de seguir tamb\u00e9m nessa fun\u00e7\u00e3o. Estudei e acho que todo o esfor\u00e7o vai valer a pena\u201d, disse.<\/p>\n\n\n\n<p><img decoding=\"async\" src=\"https:\/\/cms-midia.tjmt.jus.br\/dsaportaltjmt\/biblioteca-midia\/020d0000-0aa4-0a58-2a2e-08df0b75764e\/020d0000-0aa4-0a58-2b55-08df0b75764e.webp\" alt=\"Mulher de cabelos castanhos e \u00f3culos de grau sorri de perfil para a esquerda enquanto fala pr\u00f3ximo a um microfone da &quot;TV JUSTI\u00c7A&quot;. O fundo mostra \u00e1rvores e estruturas ao ar livre fora de foco.\"><\/p>\n\n\n\n<p>J\u00e1 a advogada Lilian Martins veio de S\u00e3o Paulo para fazer a prova e descreve a aprova\u00e7\u00e3o em um concurso para cart\u00f3rios como um projeto devida. \u201c\u00c9 meu sonho, meu objetivo de vida. Quem estuda para concurso tem isso em mente. A gente se abst\u00e9m de muita coisa e deixa de fazer coisas de que gosta para poder estudar. Passar nesse concurso virou uma prioridade na minha vida\u201d, relatou.<\/p>\n\n\n\n<p><strong>Etapas do concurso<\/strong><\/p>\n\n\n\n<p>A prova objetiva deste fim de semana \u00e9 apenas o in\u00edcio do processo de sele\u00e7\u00e3o. Ap\u00f3s o resultado, os candidatos classificados seguir\u00e3o para as demais fases previstas no edital do concurso, que incluem prova escrita e pr\u00e1tica, al\u00e9m das etapas subsequentes necess\u00e1rias \u00e0 classifica\u00e7\u00e3o final e \u00e0 outorga das delega\u00e7\u00f5es.<\/p>\n\n\n\n<p>De acordo com o presidente da Comiss\u00e3o Examinadora, a previs\u00e3o \u00e9 que a prova escrita e pr\u00e1tica seja realizada nos dias 31 de outubro e 1\u00ba de novembro.<\/p>\n\n\n\n<p>O concurso \u00e9 regido pelo Edital TJMT\/PRES n\u00ba 48\/2025 e executado pelo Centro Brasileiro de Pesquisa em Avalia\u00e7\u00e3o e Sele\u00e7\u00e3o e de Promo\u00e7\u00e3o de Eventos (Cebraspe).<\/p>\n\n\n\n<p>Ap\u00f3s a conclus\u00e3o desta primeira etapa, o resultado e a convoca\u00e7\u00e3o dos candidatos classificados para a prova escrita e pr\u00e1tica ser\u00e3o divulgados por meio de edital no Di\u00e1rio da Justi\u00e7a Eletr\u00f4nico (DJe-MT) e nos canais oficiais do Cebraspe.<\/p>\n\n\n\n<p>Com a conclus\u00e3o de todas as fases, os aprovados poder\u00e3o escolher, conforme a ordem de classifica\u00e7\u00e3o e as regras do edital, entre as serventias disponibilizadas no concurso, permitindo o preenchimento definitivo das unidades atualmente vagas e garantindo a continuidade dos servi\u00e7os notariais e de registro \u00e0 popula\u00e7\u00e3o.<\/p>\n\n\n\n<p>Ana Assump\u00e7\u00e3o&nbsp;\/ Foto: Rodrigo Moura<\/p>\n\n\n\n<p>Coordenadoria de Comunica\u00e7\u00e3o do TJMT<\/p>\n","protected":false},"excerpt":{"rendered":"<p>O Tribunal de Justi\u00e7a de Mato Grosso (TJMT) realiza neste fim de semana a primeira etapa do Concurso P\u00fablico de Provas e T\u00edtulos para Outorga de Delega\u00e7\u00f5es de Notas e de Registro do Foro Extrajudicial. Ao todo, 1.421 candidatos est\u00e3o aptos a participar da prova objetiva, realizada em Cuiab\u00e1 nas modalidades de provimento e remo\u00e7\u00e3o. [&hellip;]<\/p>\n","protected":false},"author":3,"featured_media":15012,"comment_status":"open","ping_status":"open","sticky":false,"template":"","format":"standard","meta":{"footnotes":""},"categories":[18],"tags":[],"class_list":["post-15011","post","type-post","status-publish","format-standard","has-post-thumbnail","hentry","category-estaduais"],"_links":{"self":[{"href":"https:\/\/diarionews.com.br\/index.php?rest_route=\/wp\/v2\/posts\/15011","targetHints":{"allow":["GET"]}}],"collection":[{"href":"https:\/\/diarionews.com.br\/index.php?rest_route=\/wp\/v2\/posts"}],"about":[{"href":"https:\/\/diarionews.com.br\/index.php?rest_route=\/wp\/v2\/types\/post"}],"author":[{"embeddable":true,"href":"https:\/\/diarionews.com.br\/index.php?rest_route=\/wp\/v2\/users\/3"}],"replies":[{"embeddable":true,"href":"https:\/\/diarionews.com.br\/index.php?rest_route=%2Fwp%2Fv2%2Fcomments&post=15011"}],"version-history":[{"count":1,"href":"https:\/\/diarionews.com.br\/index.php?rest_route=\/wp\/v2\/posts\/15011\/revisions"}],"predecessor-version":[{"id":15013,"href":"https:\/\/diarionews.com.br\/index.php?rest_route=\/wp\/v2\/posts\/15011\/revisions\/15013"}],"wp:featuredmedia":[{"embeddable":true,"href":"https:\/\/diarionews.com.br\/index.php?rest_route=\/wp\/v2\/media\/15012"}],"wp:attachment":[{"href":"https:\/\/diarionews.com.br\/index.php?rest_route=%2Fwp%2Fv2%2Fmedia&parent=15011"}],"wp:term":[{"taxonomy":"category","embeddable":true,"href":"https:\/\/diarionews.com.br\/index.php?rest_route=%2Fwp%2Fv2%2Fcategories&post=15011"},{"taxonomy":"post_tag","embeddable":true,"href":"https:\/\/diarionews.com.br\/index.php?rest_route=%2Fwp%2Fv2%2Ftags&post=15011"}],"curies":[{"name":"wp","href":"https:\/\/api.w.org\/{rel}","templated":true}]}}