{"id":15006,"date":"2026-09-06T07:00:23","date_gmt":"2026-09-06T11:00:23","guid":{"rendered":"https:\/\/diarionews.com.br\/?p=15006"},"modified":"2026-09-06T07:00:25","modified_gmt":"2026-09-06T11:00:25","slug":"peita-laranjao-lula-diz-que-defendera-pix-diante-de-trump-durante-encontro-na-onu","status":"publish","type":"post","link":"https:\/\/diarionews.com.br\/?p=15006","title":{"rendered":"Peita laranj\u00e3o! Lula diz que defender\u00e1 Pix diante de Trump durante encontro na ONU"},"content":{"rendered":"\n<p>O presidente Luiz In\u00e1cio Lula da Silva afirmou neste s\u00e1bado (5) que pretende defender o Pix em uma conversa com o presidente dos Estados Unidos, Donald Trump, durante a Assembleia Geral das Na\u00e7\u00f5es Unidas, em Nova York. A declara\u00e7\u00e3o foi feita durante um ato pol\u00edtico em S\u00e3o Jos\u00e9 do Rio Preto, no interior de S\u00e3o Paulo, e ocorre em meio \u00e0s tens\u00f5es comerciais entre Brasil e Estados Unidos.<\/p>\n\n\n\n<p>Lula afirmou que pretende apresentar a Trump as vantagens do sistema brasileiro de pagamentos instant\u00e2neos. &#8220;Eu vou encontrar o Trump na ONU e dizer para ele fazer um Pix e ver o quanto \u00e9 bom&#8221;, declarou o presidente. Segundo informa\u00e7\u00f5es divulgadas ap\u00f3s o discurso, o encontro entre os dois l\u00edderes est\u00e1 previsto para ocorrer durante a Assembleia Geral da ONU, em 22 de setembro.<\/p>\n\n\n\n<p>O Pix passou a ocupar espa\u00e7o importante nas discuss\u00f5es entre os dois pa\u00edses depois que o governo norte-americano incluiu o sistema brasileiro entre os temas de uma investiga\u00e7\u00e3o comercial relacionada ao Brasil. A quest\u00e3o se soma \u00e0s tarifas impostas pelos Estados Unidos sobre produtos brasileiros e \u00e0s negocia\u00e7\u00f5es que v\u00eam sendo conduzidas pelos dois governos para tentar reduzir os efeitos das medidas comerciais.<\/p>\n\n\n\n<p>Nos \u00faltimos dias, entretanto, o sistema brasileiro tamb\u00e9m ganhou destaque por outro motivo. O Banco Central do Brasil e o Banco Central Europeu estudam a possibilidade de conectar o Pix \u00e0 plataforma europeia TIPS, utilizada para pagamentos instant\u00e2neos em euros. As discuss\u00f5es ainda est\u00e3o em fase de avalia\u00e7\u00e3o t\u00e9cnica, jur\u00eddica, de seguran\u00e7a e operacional, e um projeto-piloto poder\u00e1 ocorrer em 2028 caso a iniciativa avance.<\/p>\n\n\n\n<p>A declara\u00e7\u00e3o de Lula ocorre ainda durante a campanha para as elei\u00e7\u00f5es presidenciais de outubro e em um momento de retomada do di\u00e1logo entre Bras\u00edlia e Washington. Em 31 de agosto, o Minist\u00e9rio das Rela\u00e7\u00f5es Exteriores e o Minist\u00e9rio do Desenvolvimento, Ind\u00fastria, Com\u00e9rcio e Servi\u00e7os informaram que representantes dos dois pa\u00edses voltaram a negociar quest\u00f5es relacionadas \u00e0s novas tarifas norte-americanas.<\/p>\n\n\n\n<p><\/p>\n","protected":false},"excerpt":{"rendered":"<p>O presidente Luiz In\u00e1cio Lula da Silva afirmou neste s\u00e1bado (5) que pretende defender o Pix em uma conversa com o presidente dos Estados Unidos, Donald Trump, durante a Assembleia Geral das Na\u00e7\u00f5es Unidas, em Nova York. A declara\u00e7\u00e3o foi feita durante um ato pol\u00edtico em S\u00e3o Jos\u00e9 do Rio Preto, no interior de S\u00e3o [&hellip;]<\/p>\n","protected":false},"author":3,"featured_media":2723,"comment_status":"open","ping_status":"open","sticky":false,"template":"","format":"standard","meta":{"footnotes":""},"categories":[12],"tags":[956],"class_list":["post-15006","post","type-post","status-publish","format-standard","has-post-thumbnail","hentry","category-nacionais","tag-importante"],"_links":{"self":[{"href":"https:\/\/diarionews.com.br\/index.php?rest_route=\/wp\/v2\/posts\/15006","targetHints":{"allow":["GET"]}}],"collection":[{"href":"https:\/\/diarionews.com.br\/index.php?rest_route=\/wp\/v2\/posts"}],"about":[{"href":"https:\/\/diarionews.com.br\/index.php?rest_route=\/wp\/v2\/types\/post"}],"author":[{"embeddable":true,"href":"https:\/\/diarionews.com.br\/index.php?rest_route=\/wp\/v2\/users\/3"}],"replies":[{"embeddable":true,"href":"https:\/\/diarionews.com.br\/index.php?rest_route=%2Fwp%2Fv2%2Fcomments&post=15006"}],"version-history":[{"count":1,"href":"https:\/\/diarionews.com.br\/index.php?rest_route=\/wp\/v2\/posts\/15006\/revisions"}],"predecessor-version":[{"id":15007,"href":"https:\/\/diarionews.com.br\/index.php?rest_route=\/wp\/v2\/posts\/15006\/revisions\/15007"}],"wp:featuredmedia":[{"embeddable":true,"href":"https:\/\/diarionews.com.br\/index.php?rest_route=\/wp\/v2\/media\/2723"}],"wp:attachment":[{"href":"https:\/\/diarionews.com.br\/index.php?rest_route=%2Fwp%2Fv2%2Fmedia&parent=15006"}],"wp:term":[{"taxonomy":"category","embeddable":true,"href":"https:\/\/diarionews.com.br\/index.php?rest_route=%2Fwp%2Fv2%2Fcategories&post=15006"},{"taxonomy":"post_tag","embeddable":true,"href":"https:\/\/diarionews.com.br\/index.php?rest_route=%2Fwp%2Fv2%2Ftags&post=15006"}],"curies":[{"name":"wp","href":"https:\/\/api.w.org\/{rel}","templated":true}]}}