{"id":15004,"date":"2026-09-06T10:57:00","date_gmt":"2026-09-06T14:57:00","guid":{"rendered":"https:\/\/diarionews.com.br\/?p=15004"},"modified":"2026-09-06T17:07:14","modified_gmt":"2026-09-06T21:07:14","slug":"nao-e-pra-amadores-trio-e-preso-apos-roubar-viatura-da-pm-durante-confronto-no-rio","status":"publish","type":"post","link":"https:\/\/diarionews.com.br\/?p=15004","title":{"rendered":"N\u00e3o \u00e9 pra amadores! Trio \u00e9 preso ap\u00f3s roubar viatura da PM durante confronto no Rio"},"content":{"rendered":"\n<p>Tr\u00eas homens foram presos ap\u00f3s tentarem fugir utilizando uma viatura da Pol\u00edcia Militar durante um confronto entre fac\u00e7\u00f5es criminosas em Vargem Grande, na Zona Sudoeste do Rio de Janeiro. O caso aconteceu na madrugada deste s\u00e1bado (5), na Estrada dos Bandeirantes, onde equipes do Comando de Pol\u00edcia Ambiental (CPAm) apoiavam o refor\u00e7o do policiamento na regi\u00e3o.<\/p>\n\n\n\n<p>Segundo a Pol\u00edcia Militar, os agentes se depararam com um tiroteio entre integrantes do Comando Vermelho (CV) e do Terceiro Comando Puro (TCP). Durante a ocorr\u00eancia, alguns criminosos teriam sido atingidos por disparos e se envolvido em um acidente. Enquanto os policiais buscavam abrigo em um ponto mais protegido, os suspeitos teriam aproveitado a confus\u00e3o para tentar fugir em uma viatura policial.<\/p>\n\n\n\n<p>A fuga, por\u00e9m, durou pouco. Os tr\u00eas homens foram interceptados por equipes do 31\u00ba Batalh\u00e3o de Pol\u00edcia Militar, respons\u00e1vel pelo policiamento do Recreio, e do 27\u00ba BPM, de Santa Cruz, que haviam sido acionados para refor\u00e7ar a seguran\u00e7a na regi\u00e3o.<\/p>\n\n\n\n<p>Dois dos suspeitos ficaram feridos por disparos e precisaram ser encaminhados ao Hospital Municipal Louren\u00e7o Jorge, na Barra da Tijuca. Eles permaneceram sob cust\u00f3dia policial. O terceiro integrante do grupo tamb\u00e9m foi preso durante o cerco realizado pelas equipes.<\/p>\n\n\n\n<p>Durante a a\u00e7\u00e3o, os policiais apreenderam duas pistolas, carregadores, muni\u00e7\u00f5es, um celular e diferentes tipos de drogas, entre elas maconha, coca\u00edna e crack. O caso foi encaminhado para investiga\u00e7\u00e3o da 42\u00aa Delegacia de Pol\u00edcia, no Recreio dos Bandeirantes.<\/p>\n\n\n\n<p><\/p>\n","protected":false},"excerpt":{"rendered":"<p>Tr\u00eas homens foram presos ap\u00f3s tentarem fugir utilizando uma viatura da Pol\u00edcia Militar durante um confronto entre fac\u00e7\u00f5es criminosas em Vargem Grande, na Zona Sudoeste do Rio de Janeiro. O caso aconteceu na madrugada deste s\u00e1bado (5), na Estrada dos Bandeirantes, onde equipes do Comando de Pol\u00edcia Ambiental (CPAm) apoiavam o refor\u00e7o do policiamento na [&hellip;]<\/p>\n","protected":false},"author":3,"featured_media":6115,"comment_status":"open","ping_status":"open","sticky":false,"template":"","format":"standard","meta":{"footnotes":""},"categories":[12],"tags":[],"class_list":["post-15004","post","type-post","status-publish","format-standard","has-post-thumbnail","hentry","category-nacionais"],"_links":{"self":[{"href":"https:\/\/diarionews.com.br\/index.php?rest_route=\/wp\/v2\/posts\/15004","targetHints":{"allow":["GET"]}}],"collection":[{"href":"https:\/\/diarionews.com.br\/index.php?rest_route=\/wp\/v2\/posts"}],"about":[{"href":"https:\/\/diarionews.com.br\/index.php?rest_route=\/wp\/v2\/types\/post"}],"author":[{"embeddable":true,"href":"https:\/\/diarionews.com.br\/index.php?rest_route=\/wp\/v2\/users\/3"}],"replies":[{"embeddable":true,"href":"https:\/\/diarionews.com.br\/index.php?rest_route=%2Fwp%2Fv2%2Fcomments&post=15004"}],"version-history":[{"count":1,"href":"https:\/\/diarionews.com.br\/index.php?rest_route=\/wp\/v2\/posts\/15004\/revisions"}],"predecessor-version":[{"id":15005,"href":"https:\/\/diarionews.com.br\/index.php?rest_route=\/wp\/v2\/posts\/15004\/revisions\/15005"}],"wp:featuredmedia":[{"embeddable":true,"href":"https:\/\/diarionews.com.br\/index.php?rest_route=\/wp\/v2\/media\/6115"}],"wp:attachment":[{"href":"https:\/\/diarionews.com.br\/index.php?rest_route=%2Fwp%2Fv2%2Fmedia&parent=15004"}],"wp:term":[{"taxonomy":"category","embeddable":true,"href":"https:\/\/diarionews.com.br\/index.php?rest_route=%2Fwp%2Fv2%2Fcategories&post=15004"},{"taxonomy":"post_tag","embeddable":true,"href":"https:\/\/diarionews.com.br\/index.php?rest_route=%2Fwp%2Fv2%2Ftags&post=15004"}],"curies":[{"name":"wp","href":"https:\/\/api.w.org\/{rel}","templated":true}]}}