{"id":14995,"date":"2026-09-06T06:52:51","date_gmt":"2026-09-06T10:52:51","guid":{"rendered":"https:\/\/diarionews.com.br\/?p=14995"},"modified":"2026-09-06T06:52:54","modified_gmt":"2026-09-06T10:52:54","slug":"parreira-recebe-alta-apos-80-dias-internado-e-inicia-recuperacao-em-casa","status":"publish","type":"post","link":"https:\/\/diarionews.com.br\/?p=14995","title":{"rendered":"Parreira recebe alta ap\u00f3s 80 dias internado e inicia recupera\u00e7\u00e3o em casa"},"content":{"rendered":"\n<p>Carlos Alberto Parreira, t\u00e9cnico da Sele\u00e7\u00e3o Brasileira na conquista do tetracampeonato mundial de 1994, recebeu alta m\u00e9dica na manh\u00e3 deste s\u00e1bado (5), ap\u00f3s permanecer 80 dias internado no Hospital Samaritano Barra, na Barra da Tijuca, no Rio de Janeiro. Aos 83 anos, o ex-treinador havia sido hospitalizado em 16 de junho para tratar uma grave inflama\u00e7\u00e3o pulmonar.<\/p>\n\n\n\n<p>Durante o per\u00edodo de interna\u00e7\u00e3o, Parreira enfrentou um quadro de insufici\u00eancia respirat\u00f3ria aguda, provavelmente relacionado a uma toxicidade pulmonar medicamentosa, segundo o pneumologista Arthur Vianna. O ex-t\u00e9cnico precisou de ventila\u00e7\u00e3o mec\u00e2nica invasiva, hemodi\u00e1lise e outros procedimentos durante o tratamento. De acordo com o hospital, ele apresentou evolu\u00e7\u00e3o cl\u00ednica positiva e superou um per\u00edodo considerado de extrema gravidade.<\/p>\n\n\n\n<p>Com a alta, Parreira continuar\u00e1 o tratamento em casa, com acompanhamento domiciliar e ambulatorial para monitoramento do quadro geral. O Hospital Samaritano Barra informou que o treinador foi acompanhado durante a interna\u00e7\u00e3o pelo pneumologista Arthur Vianna e por uma equipe multidisciplinar da unidade.<\/p>\n\n\n\n<p>Na sa\u00edda do hospital, Parreira foi recebido com aplausos de funcion\u00e1rios, familiares e outras pessoas que estavam no local. Alguns chegaram a gritar &#8220;\u00e9 campe\u00e3o&#8221;. Em entrevista, o ex-t\u00e9cnico agradeceu a demonstra\u00e7\u00e3o de carinho e afirmou: &#8220;A gente fica agradecido por esse carinho, com certeza ajudou muito&#8221;. Ele tamb\u00e9m disse que pretende retomar as atividades normais ap\u00f3s a recupera\u00e7\u00e3o.<\/p>\n\n\n\n<p>A alta encerra uma interna\u00e7\u00e3o de quase tr\u00eas meses para um dos t\u00e9cnicos mais importantes da hist\u00f3ria da Sele\u00e7\u00e3o Brasileira. Parreira comandou o Brasil em 117 jogos e conquistou a Copa do Mundo de 1994, al\u00e9m da Copa Am\u00e9rica de 2004 e da Copa das Confedera\u00e7\u00f5es de 2005. Em 1970, participou da comiss\u00e3o t\u00e9cnica da sele\u00e7\u00e3o campe\u00e3 mundial como preparador f\u00edsico.<\/p>\n","protected":false},"excerpt":{"rendered":"<p>Carlos Alberto Parreira, t\u00e9cnico da Sele\u00e7\u00e3o Brasileira na conquista do tetracampeonato mundial de 1994, recebeu alta m\u00e9dica na manh\u00e3 deste s\u00e1bado (5), ap\u00f3s permanecer 80 dias internado no Hospital Samaritano Barra, na Barra da Tijuca, no Rio de Janeiro. Aos 83 anos, o ex-treinador havia sido hospitalizado em 16 de junho para tratar uma grave [&hellip;]<\/p>\n","protected":false},"author":3,"featured_media":14996,"comment_status":"open","ping_status":"open","sticky":false,"template":"","format":"standard","meta":{"footnotes":""},"categories":[13,12],"tags":[],"class_list":["post-14995","post","type-post","status-publish","format-standard","has-post-thumbnail","hentry","category-esportes","category-nacionais"],"_links":{"self":[{"href":"https:\/\/diarionews.com.br\/index.php?rest_route=\/wp\/v2\/posts\/14995","targetHints":{"allow":["GET"]}}],"collection":[{"href":"https:\/\/diarionews.com.br\/index.php?rest_route=\/wp\/v2\/posts"}],"about":[{"href":"https:\/\/diarionews.com.br\/index.php?rest_route=\/wp\/v2\/types\/post"}],"author":[{"embeddable":true,"href":"https:\/\/diarionews.com.br\/index.php?rest_route=\/wp\/v2\/users\/3"}],"replies":[{"embeddable":true,"href":"https:\/\/diarionews.com.br\/index.php?rest_route=%2Fwp%2Fv2%2Fcomments&post=14995"}],"version-history":[{"count":1,"href":"https:\/\/diarionews.com.br\/index.php?rest_route=\/wp\/v2\/posts\/14995\/revisions"}],"predecessor-version":[{"id":14997,"href":"https:\/\/diarionews.com.br\/index.php?rest_route=\/wp\/v2\/posts\/14995\/revisions\/14997"}],"wp:featuredmedia":[{"embeddable":true,"href":"https:\/\/diarionews.com.br\/index.php?rest_route=\/wp\/v2\/media\/14996"}],"wp:attachment":[{"href":"https:\/\/diarionews.com.br\/index.php?rest_route=%2Fwp%2Fv2%2Fmedia&parent=14995"}],"wp:term":[{"taxonomy":"category","embeddable":true,"href":"https:\/\/diarionews.com.br\/index.php?rest_route=%2Fwp%2Fv2%2Fcategories&post=14995"},{"taxonomy":"post_tag","embeddable":true,"href":"https:\/\/diarionews.com.br\/index.php?rest_route=%2Fwp%2Fv2%2Ftags&post=14995"}],"curies":[{"name":"wp","href":"https:\/\/api.w.org\/{rel}","templated":true}]}}