{"id":14977,"date":"2026-09-06T08:25:00","date_gmt":"2026-09-06T12:25:00","guid":{"rendered":"https:\/\/diarionews.com.br\/?p=14977"},"modified":"2026-09-06T06:26:23","modified_gmt":"2026-09-06T10:26:23","slug":"motociclista-foge-da-pm-cai-em-feira-e-acaba-detido-em-nova-canaa","status":"publish","type":"post","link":"https:\/\/diarionews.com.br\/?p=14977","title":{"rendered":"Motociclista foge da PM, cai em feira e acaba detido em Nova Cana\u00e3"},"content":{"rendered":"\n<p>Um homem de 35 anos foi conduzido \u00e0 Pol\u00edcia Judici\u00e1ria Civil ap\u00f3s uma fuga durante uma abordagem da Pol\u00edcia Militar terminar com a queda de uma motocicleta na Pra\u00e7a Central de Nova Cana\u00e3 do Norte. A ocorr\u00eancia foi registrada \u00e0s 17h30, na regi\u00e3o central do munic\u00edpio, durante patrulhamento realizado pelas avenidas Amazonas e Rond\u00f4nia.<\/p>\n\n\n\n<p>Segundo o boletim, os policiais visualizaram uma motocicleta ocupada por duas pessoas e perceberam que o passageiro utilizava o capacete de maneira irregular, mantendo o equipamento levantado sobre a cabe\u00e7a. A guarni\u00e7\u00e3o acionou os sinais sonoros e luminosos e determinou que o condutor parasse, mas, conforme o relato policial, ele n\u00e3o obedeceu e iniciou uma fuga em alta velocidade.<\/p>\n\n\n\n<p>Ainda de acordo com o registro, o motociclista passou pela Rua Jos\u00e9 Geroto de Medeiros, cruzou a Avenida Par\u00e1 e seguiu pela Avenida Mato Grosso, desrespeitando sinais luminosos e outras sinaliza\u00e7\u00f5es de tr\u00e2nsito. Durante a fuga, ele entrou com a motocicleta na Pra\u00e7a Central, onde ocorria uma feira municipal com grande concentra\u00e7\u00e3o de pessoas.<\/p>\n\n\n\n<p>No local, o condutor perdeu o controle da motocicleta e caiu ao solo, sofrendo diversas escoria\u00e7\u00f5es. Mesmo ap\u00f3s a queda, conforme o boletim, ele ainda tentou fugir e ofereceu resist\u00eancia \u00e0 abordagem policial. Os militares informaram que foi necess\u00e1rio o uso progressivo da for\u00e7a e de algemas para cont\u00ea-lo e garantir a seguran\u00e7a da equipe e dos envolvidos.<\/p>\n\n\n\n<p>Durante a checagem, o passageiro foi identificado pelas iniciais A. A. S. e, segundo a Pol\u00edcia Militar, foi constatado que ele possui passagem policial e utiliza tornozeleira eletr\u00f4nica. O condutor, identificado pelas iniciais J. M. S., n\u00e3o possu\u00eda Carteira Nacional de Habilita\u00e7\u00e3o (CNH), enquanto a motocicleta apresentava documenta\u00e7\u00e3o em atraso.<\/p>\n\n\n\n<p>O boletim tamb\u00e9m registra que os policiais constataram sinais de embriaguez no condutor. Os dois envolvidos apresentavam escoria\u00e7\u00f5es leves pelo corpo, principalmente nos p\u00e9s, bra\u00e7os e cotovelos, atribu\u00eddas \u00e0 queda da motocicleta. Ap\u00f3s as provid\u00eancias iniciais, ambos foram encaminhados \u00e0 Pol\u00edcia Judici\u00e1ria Civil para as medidas legais cab\u00edveis.<\/p>\n","protected":false},"excerpt":{"rendered":"<p>Um homem de 35 anos foi conduzido \u00e0 Pol\u00edcia Judici\u00e1ria Civil ap\u00f3s uma fuga durante uma abordagem da Pol\u00edcia Militar terminar com a queda de uma motocicleta na Pra\u00e7a Central de Nova Cana\u00e3 do Norte. A ocorr\u00eancia foi registrada \u00e0s 17h30, na regi\u00e3o central do munic\u00edpio, durante patrulhamento realizado pelas avenidas Amazonas e Rond\u00f4nia. Segundo [&hellip;]<\/p>\n","protected":false},"author":3,"featured_media":5277,"comment_status":"open","ping_status":"open","sticky":false,"template":"","format":"standard","meta":{"footnotes":""},"categories":[21],"tags":[],"class_list":["post-14977","post","type-post","status-publish","format-standard","has-post-thumbnail","hentry","category-regiao"],"_links":{"self":[{"href":"https:\/\/diarionews.com.br\/index.php?rest_route=\/wp\/v2\/posts\/14977","targetHints":{"allow":["GET"]}}],"collection":[{"href":"https:\/\/diarionews.com.br\/index.php?rest_route=\/wp\/v2\/posts"}],"about":[{"href":"https:\/\/diarionews.com.br\/index.php?rest_route=\/wp\/v2\/types\/post"}],"author":[{"embeddable":true,"href":"https:\/\/diarionews.com.br\/index.php?rest_route=\/wp\/v2\/users\/3"}],"replies":[{"embeddable":true,"href":"https:\/\/diarionews.com.br\/index.php?rest_route=%2Fwp%2Fv2%2Fcomments&post=14977"}],"version-history":[{"count":1,"href":"https:\/\/diarionews.com.br\/index.php?rest_route=\/wp\/v2\/posts\/14977\/revisions"}],"predecessor-version":[{"id":14978,"href":"https:\/\/diarionews.com.br\/index.php?rest_route=\/wp\/v2\/posts\/14977\/revisions\/14978"}],"wp:featuredmedia":[{"embeddable":true,"href":"https:\/\/diarionews.com.br\/index.php?rest_route=\/wp\/v2\/media\/5277"}],"wp:attachment":[{"href":"https:\/\/diarionews.com.br\/index.php?rest_route=%2Fwp%2Fv2%2Fmedia&parent=14977"}],"wp:term":[{"taxonomy":"category","embeddable":true,"href":"https:\/\/diarionews.com.br\/index.php?rest_route=%2Fwp%2Fv2%2Fcategories&post=14977"},{"taxonomy":"post_tag","embeddable":true,"href":"https:\/\/diarionews.com.br\/index.php?rest_route=%2Fwp%2Fv2%2Ftags&post=14977"}],"curies":[{"name":"wp","href":"https:\/\/api.w.org\/{rel}","templated":true}]}}