{"id":14970,"date":"2026-09-06T09:11:00","date_gmt":"2026-09-06T13:11:00","guid":{"rendered":"https:\/\/diarionews.com.br\/?p=14970"},"modified":"2026-09-06T06:12:31","modified_gmt":"2026-09-06T10:12:31","slug":"colisao-entre-corolla-cross-e-biz-deixa-motociclista-ferido-em-alta-floresta","status":"publish","type":"post","link":"https:\/\/diarionews.com.br\/?p=14970","title":{"rendered":"Colis\u00e3o entre Corolla Cross e Biz deixa motociclista ferido em Alta Floresta"},"content":{"rendered":"\n<p>Um sinistro de tr\u00e2nsito envolvendo um Toyota Corolla Cross e uma motocicleta Honda Biz 125 foi registrado \u00e0s 17h deste s\u00e1bado (5), na Avenida Mato Grosso, em Alta Floresta, no norte de Mato Grosso. A ocorr\u00eancia foi atendida e registrada pelo 8\u00ba Batalh\u00e3o da Pol\u00edcia Militar, vinculado ao 9\u00ba Comando Regional.<\/p>\n\n\n\n<p>Conforme o relato apresentado ao Centro de Opera\u00e7\u00f5es da Pol\u00edcia Militar (COPOM) pelo agente de tr\u00e2nsito Denis, o condutor da motocicleta, de 57 anos, seguia pela avenida no sentido Centro para a Cidade Alta. O Corolla Cross era conduzido por outro homem, tamb\u00e9m de 57 anos, que trafegava no mesmo sentido.<\/p>\n\n\n\n<p>Segundo o relato do motorista do Corolla Cross, em determinado momento ele n\u00e3o soube informar exatamente o que aconteceu e acabou colidindo com a Honda Biz 125. Ap\u00f3s a colis\u00e3o, o condutor perdeu o controle da dire\u00e7\u00e3o e caiu ao solo.<\/p>\n\n\n\n<p>O motociclista foi socorrido pelo Corpo de Bombeiros e encaminhado ao Hospital Regional de Alta Floresta, onde permaneceu sob cuidados m\u00e9dicos. O registro da ocorr\u00eancia foi formalizado por meio de Boletim de Ocorr\u00eancia de Tr\u00e2nsito (B.O.T.).<\/p>\n\n\n\n<p><\/p>\n","protected":false},"excerpt":{"rendered":"<p>Um sinistro de tr\u00e2nsito envolvendo um Toyota Corolla Cross e uma motocicleta Honda Biz 125 foi registrado \u00e0s 17h deste s\u00e1bado (5), na Avenida Mato Grosso, em Alta Floresta, no norte de Mato Grosso. A ocorr\u00eancia foi atendida e registrada pelo 8\u00ba Batalh\u00e3o da Pol\u00edcia Militar, vinculado ao 9\u00ba Comando Regional. Conforme o relato apresentado [&hellip;]<\/p>\n","protected":false},"author":3,"featured_media":13327,"comment_status":"open","ping_status":"open","sticky":false,"template":"","format":"standard","meta":{"footnotes":""},"categories":[14],"tags":[],"class_list":["post-14970","post","type-post","status-publish","format-standard","has-post-thumbnail","hentry","category-policia"],"_links":{"self":[{"href":"https:\/\/diarionews.com.br\/index.php?rest_route=\/wp\/v2\/posts\/14970","targetHints":{"allow":["GET"]}}],"collection":[{"href":"https:\/\/diarionews.com.br\/index.php?rest_route=\/wp\/v2\/posts"}],"about":[{"href":"https:\/\/diarionews.com.br\/index.php?rest_route=\/wp\/v2\/types\/post"}],"author":[{"embeddable":true,"href":"https:\/\/diarionews.com.br\/index.php?rest_route=\/wp\/v2\/users\/3"}],"replies":[{"embeddable":true,"href":"https:\/\/diarionews.com.br\/index.php?rest_route=%2Fwp%2Fv2%2Fcomments&post=14970"}],"version-history":[{"count":1,"href":"https:\/\/diarionews.com.br\/index.php?rest_route=\/wp\/v2\/posts\/14970\/revisions"}],"predecessor-version":[{"id":14971,"href":"https:\/\/diarionews.com.br\/index.php?rest_route=\/wp\/v2\/posts\/14970\/revisions\/14971"}],"wp:featuredmedia":[{"embeddable":true,"href":"https:\/\/diarionews.com.br\/index.php?rest_route=\/wp\/v2\/media\/13327"}],"wp:attachment":[{"href":"https:\/\/diarionews.com.br\/index.php?rest_route=%2Fwp%2Fv2%2Fmedia&parent=14970"}],"wp:term":[{"taxonomy":"category","embeddable":true,"href":"https:\/\/diarionews.com.br\/index.php?rest_route=%2Fwp%2Fv2%2Fcategories&post=14970"},{"taxonomy":"post_tag","embeddable":true,"href":"https:\/\/diarionews.com.br\/index.php?rest_route=%2Fwp%2Fv2%2Ftags&post=14970"}],"curies":[{"name":"wp","href":"https:\/\/api.w.org\/{rel}","templated":true}]}}