{"id":14967,"date":"2026-09-06T06:08:37","date_gmt":"2026-09-06T10:08:37","guid":{"rendered":"https:\/\/diarionews.com.br\/?p=14967"},"modified":"2026-09-06T06:08:40","modified_gmt":"2026-09-06T10:08:40","slug":"vendaval-derruba-dois-armazens-e-causa-estragos-em-fazenda-de-claudia","status":"publish","type":"post","link":"https:\/\/diarionews.com.br\/?p=14967","title":{"rendered":"Vendaval derruba dois armaz\u00e9ns e causa estragos em fazenda de Cl\u00e1udia"},"content":{"rendered":"\n<p>Um forte vendaval acompanhado de chuva provocou grandes estragos em uma propriedade rural de Cl\u00e1udia, a cerca de 600 quil\u00f4metros de Cuiab\u00e1, na tarde desta sexta-feira (4). Dois armaz\u00e9ns de grande porte foram atingidos pela for\u00e7a do vento na propriedade conhecida como Armaz\u00e9ns Sabo, localizada aproximadamente cinco quil\u00f4metros da \u00e1rea urbana do munic\u00edpio, no sentido Sinop. Apesar da destrui\u00e7\u00e3o, n\u00e3o houve registro de pessoas feridas.<\/p>\n\n\n\n<p>Em uma das estruturas, o vento arrancou completamente a cobertura do barrac\u00e3o, onde estavam armazenadas dezenas de toneladas de gr\u00e3os. Telhas, vigas e tesouras met\u00e1licas foram lan\u00e7adas ao ch\u00e3o e ficaram retorcidas. Segundo as informa\u00e7\u00f5es divulgadas ap\u00f3s o temporal, o armaz\u00e9m havia sido constru\u00eddo recentemente.<\/p>\n\n\n\n<p>O segundo barrac\u00e3o tamb\u00e9m sofreu danos severos. Os grandes pilares de concreto n\u00e3o resistiram \u00e0 intensidade das rajadas e quebraram, provocando a queda das tesouras met\u00e1licas e de parte da cobertura. Algumas paredes de concreto permaneceram de p\u00e9. No interior da estrutura estavam colheitadeiras, tratores e outros implementos agr\u00edcolas. At\u00e9 o momento, n\u00e3o foi divulgado se as m\u00e1quinas sofreram danos.<\/p>\n\n\n\n<p>O valor total das perdas ainda est\u00e1 sendo calculado. Uma equipe da Defesa Civil foi encaminhada \u00e0 propriedade para avaliar os estragos e verificar as condi\u00e7\u00f5es de seguran\u00e7a das estruturas atingidas. Al\u00e9m dos danos na fazenda, um poste da rede de energia el\u00e9trica tamb\u00e9m caiu \u00e0s margens da MT-423 durante o temporal.<\/p>\n\n\n\n<p>O epis\u00f3dio ocorreu em meio a outros registros recentes de ventos fortes no Norte de Mato Grosso. Em Col\u00edder, poucos dias antes, uma ventania tamb\u00e9m havia provocado danos e arrancado a cobertura de um barrac\u00e3o em uma propriedade rural. Em Cl\u00e1udia, at\u00e9 a atualiza\u00e7\u00e3o mais recente, o principal balan\u00e7o apontava destrui\u00e7\u00e3o de dois grandes armaz\u00e9ns, danos em estruturas e poss\u00edveis perdas envolvendo equipamentos agr\u00edcolas, mas sem registro de v\u00edtimas.<\/p>\n","protected":false},"excerpt":{"rendered":"<p>Um forte vendaval acompanhado de chuva provocou grandes estragos em uma propriedade rural de Cl\u00e1udia, a cerca de 600 quil\u00f4metros de Cuiab\u00e1, na tarde desta sexta-feira (4). Dois armaz\u00e9ns de grande porte foram atingidos pela for\u00e7a do vento na propriedade conhecida como Armaz\u00e9ns Sabo, localizada aproximadamente cinco quil\u00f4metros da \u00e1rea urbana do munic\u00edpio, no sentido [&hellip;]<\/p>\n","protected":false},"author":3,"featured_media":14968,"comment_status":"open","ping_status":"open","sticky":false,"template":"","format":"standard","meta":{"footnotes":""},"categories":[21,22],"tags":[],"class_list":["post-14967","post","type-post","status-publish","format-standard","has-post-thumbnail","hentry","category-regiao","category-meio-ambiente"],"_links":{"self":[{"href":"https:\/\/diarionews.com.br\/index.php?rest_route=\/wp\/v2\/posts\/14967","targetHints":{"allow":["GET"]}}],"collection":[{"href":"https:\/\/diarionews.com.br\/index.php?rest_route=\/wp\/v2\/posts"}],"about":[{"href":"https:\/\/diarionews.com.br\/index.php?rest_route=\/wp\/v2\/types\/post"}],"author":[{"embeddable":true,"href":"https:\/\/diarionews.com.br\/index.php?rest_route=\/wp\/v2\/users\/3"}],"replies":[{"embeddable":true,"href":"https:\/\/diarionews.com.br\/index.php?rest_route=%2Fwp%2Fv2%2Fcomments&post=14967"}],"version-history":[{"count":1,"href":"https:\/\/diarionews.com.br\/index.php?rest_route=\/wp\/v2\/posts\/14967\/revisions"}],"predecessor-version":[{"id":14969,"href":"https:\/\/diarionews.com.br\/index.php?rest_route=\/wp\/v2\/posts\/14967\/revisions\/14969"}],"wp:featuredmedia":[{"embeddable":true,"href":"https:\/\/diarionews.com.br\/index.php?rest_route=\/wp\/v2\/media\/14968"}],"wp:attachment":[{"href":"https:\/\/diarionews.com.br\/index.php?rest_route=%2Fwp%2Fv2%2Fmedia&parent=14967"}],"wp:term":[{"taxonomy":"category","embeddable":true,"href":"https:\/\/diarionews.com.br\/index.php?rest_route=%2Fwp%2Fv2%2Fcategories&post=14967"},{"taxonomy":"post_tag","embeddable":true,"href":"https:\/\/diarionews.com.br\/index.php?rest_route=%2Fwp%2Fv2%2Ftags&post=14967"}],"curies":[{"name":"wp","href":"https:\/\/api.w.org\/{rel}","templated":true}]}}