{"id":14941,"date":"2026-09-05T08:39:22","date_gmt":"2026-09-05T12:39:22","guid":{"rendered":"https:\/\/diarionews.com.br\/?p=14941"},"modified":"2026-09-05T08:39:24","modified_gmt":"2026-09-05T12:39:24","slug":"presidente-do-creci-mt-discute-mercado-imobiliario-em-alta-floresta","status":"publish","type":"post","link":"https:\/\/diarionews.com.br\/?p=14941","title":{"rendered":"Presidente do CRECI-MT discute mercado imobili\u00e1rio em Alta Floresta"},"content":{"rendered":"\n<p>O presidente do Conselho Regional de Corretores de Im\u00f3veis de Mato Grosso (CRECI-MT), Claudecir Conttreira, estar\u00e1 em Alta Floresta neste s\u00e1bado, 5 de setembro de 2026, para participar do Almo\u00e7o dos Corretores de Im\u00f3veis. O encontro reunir\u00e1 profissionais da regi\u00e3o para um momento de integra\u00e7\u00e3o e tamb\u00e9m para discutir os principais desafios e perspectivas do mercado imobili\u00e1rio no Estado.<\/p>\n\n\n\n<p>A agenda dever\u00e1 colocar em debate temas que ultrapassam os interesses da pr\u00f3pria categoria e t\u00eam impacto direto sobre compradores, vendedores e investidores. Entre os assuntos previstos est\u00e3o o atual cen\u00e1rio do mercado imobili\u00e1rio mato-grossense, as expectativas para o setor, a seguran\u00e7a nas negocia\u00e7\u00f5es e o combate ao exerc\u00edcio ilegal da profiss\u00e3o.<\/p>\n\n\n\n<p>A presen\u00e7a de Claudecir Conttreira ocorre em um momento de amplia\u00e7\u00e3o das a\u00e7\u00f5es de fiscaliza\u00e7\u00e3o do CRECI-MT em diferentes regi\u00f5es de Mato Grosso. O conselho busca fortalecer a atua\u00e7\u00e3o dos profissionais regularmente inscritos e combater pessoas que exercem atividades de corretagem sem a habilita\u00e7\u00e3o exigida pela legisla\u00e7\u00e3o.<\/p>\n\n\n\n<p>A preocupa\u00e7\u00e3o com a fiscaliza\u00e7\u00e3o est\u00e1 diretamente relacionada \u00e0 seguran\u00e7a das transa\u00e7\u00f5es. Negocia\u00e7\u00f5es envolvendo im\u00f3veis normalmente movimentam valores elevados e podem representar uma das principais decis\u00f5es financeiras tomadas por uma fam\u00edlia. Por isso, o conselho defende que compradores e vendedores procurem profissionais devidamente registrados.<\/p>\n\n\n\n<p>Durante a passagem por Alta Floresta, o presidente do CRECI-MT tamb\u00e9m dever\u00e1 apresentar a\u00e7\u00f5es desenvolvidas pela institui\u00e7\u00e3o para ampliar a qualifica\u00e7\u00e3o dos corretores e fortalecer a categoria. A proposta \u00e9 aproximar o conselho dos profissionais que atuam no interior e ampliar o di\u00e1logo sobre as dificuldades encontradas no mercado regional.<\/p>\n\n\n\n<p>Outro ponto que deve entrar na discuss\u00e3o \u00e9 o exerc\u00edcio ilegal da profiss\u00e3o. O CRECI-MT vem defendendo medidas de fiscaliza\u00e7\u00e3o e iniciativas institucionais para impedir que pessoas sem registro atuem como intermedi\u00e1rias em neg\u00f3cios imobili\u00e1rios.<\/p>\n\n\n\n<p>A atua\u00e7\u00e3o irregular preocupa principalmente pelo risco de consumidores serem prejudicados em negocia\u00e7\u00f5es de compra, venda ou loca\u00e7\u00e3o. Para o conselho, a presen\u00e7a de profissionais habilitados contribui para aumentar a seguran\u00e7a jur\u00eddica das opera\u00e7\u00f5es e reduzir os riscos para as partes envolvidas.<\/p>\n\n\n\n<p>A agenda em Alta Floresta tamb\u00e9m deve abordar avan\u00e7os institucionais e legislativos defendidos pelo CRECI-MT. O conselho tem acompanhado propostas relacionadas \u00e0 regulamenta\u00e7\u00e3o da atividade, \u00e0 valoriza\u00e7\u00e3o profissional e ao fortalecimento dos mecanismos de fiscaliza\u00e7\u00e3o.<\/p>\n\n\n\n<p>A aproxima\u00e7\u00e3o com o interior \u00e9 uma das estrat\u00e9gias adotadas pela institui\u00e7\u00e3o para ampliar sua presen\u00e7a no Estado. Em 2024, o CRECI-MT publicou ato que instituiu novas delegacias regionais, incluindo uma unidade em Alta Floresta, al\u00e9m de estruturas em Confresa, Pontes e Lacerda, Campo Novo do Parecis e V\u00e1rzea Grande.<\/p>\n\n\n\n<p>A cria\u00e7\u00e3o de uma delegacia na cidade refor\u00e7a a presen\u00e7a institucional do conselho na regi\u00e3o Norte de Mato Grosso. A estrutura facilita o contato dos profissionais com a entidade e permite que demandas locais sejam encaminhadas de maneira mais pr\u00f3xima.<\/p>\n\n\n\n<p>O encontro deste s\u00e1bado tamb\u00e9m dever\u00e1 servir para que os corretores apresentem dificuldades enfrentadas no cotidiano da profiss\u00e3o. Quest\u00f5es relacionadas \u00e0 fiscaliza\u00e7\u00e3o, atua\u00e7\u00e3o de n\u00e3o credenciados, qualifica\u00e7\u00e3o e mudan\u00e7as no mercado podem fazer parte das conversas entre os profissionais e a dire\u00e7\u00e3o do conselho.<\/p>\n\n\n\n<p>A programa\u00e7\u00e3o est\u00e1 marcada para come\u00e7ar \u00e0s 10h, na Ch\u00e1cara Agromotor, em Alta Floresta. O evento foi divulgado como um encontro voltado aos corretores de im\u00f3veis da regi\u00e3o, com espa\u00e7o para confraterniza\u00e7\u00e3o e discuss\u00e3o sobre os caminhos da atividade.<\/p>\n\n\n\n<p>A escolha de Alta Floresta para receber a agenda tamb\u00e9m demonstra a import\u00e2ncia do munic\u00edpio no mercado imobili\u00e1rio regional. A cidade funciona como polo para diversos munic\u00edpios do Norte de Mato Grosso e concentra atividades comerciais e de presta\u00e7\u00e3o de servi\u00e7os que atendem uma \u00e1rea extensa.<\/p>\n\n\n\n<p>Para o setor imobili\u00e1rio, o cen\u00e1rio regional envolve tanto a comercializa\u00e7\u00e3o de im\u00f3veis urbanos quanto propriedades rurais e \u00e1reas destinadas a atividades produtivas. Esse perfil exige dos profissionais conhecimento das caracter\u00edsticas locais e aten\u00e7\u00e3o redobrada \u00e0 documenta\u00e7\u00e3o e \u00e0 seguran\u00e7a jur\u00eddica das negocia\u00e7\u00f5es.<\/p>\n\n\n\n<p>A qualifica\u00e7\u00e3o dos corretores aparece, nesse contexto, como uma das prioridades defendidas pelo CRECI-MT. A entidade considera que profissionais preparados conseguem oferecer maior seguran\u00e7a aos consumidores e reduzir problemas durante as etapas de uma negocia\u00e7\u00e3o imobili\u00e1ria.<\/p>\n\n\n\n<p>O combate \u00e0 atua\u00e7\u00e3o irregular tamb\u00e9m est\u00e1 ligado \u00e0 prote\u00e7\u00e3o do consumidor. Ao contratar um corretor registrado, o cliente tem a possibilidade de verificar a regularidade profissional junto ao conselho e contar com um profissional submetido \u00e0s regras que regulamentam a atividade.<\/p>\n\n\n\n<p>A fiscaliza\u00e7\u00e3o, por sua vez, procura identificar situa\u00e7\u00f5es em que pessoas sem registro realizam atividades pr\u00f3prias de corretores. O CRECI-MT afirma que essas a\u00e7\u00f5es s\u00e3o importantes tanto para preservar o mercado profissional quanto para evitar que consumidores sejam expostos a riscos.<\/p>\n\n\n\n<p>A visita de Claudecir Conttreira ocorre ainda em um momento em que o mercado imobili\u00e1rio passa por transforma\u00e7\u00f5es relacionadas \u00e0s condi\u00e7\u00f5es de financiamento, aos pre\u00e7os dos im\u00f3veis e ao comportamento de compradores e investidores.<\/p>\n","protected":false},"excerpt":{"rendered":"<p>O presidente do Conselho Regional de Corretores de Im\u00f3veis de Mato Grosso (CRECI-MT), Claudecir Conttreira, estar\u00e1 em Alta Floresta neste s\u00e1bado, 5 de setembro de 2026, para participar do Almo\u00e7o dos Corretores de Im\u00f3veis. O encontro reunir\u00e1 profissionais da regi\u00e3o para um momento de integra\u00e7\u00e3o e tamb\u00e9m para discutir os principais desafios e perspectivas do [&hellip;]<\/p>\n","protected":false},"author":3,"featured_media":14942,"comment_status":"open","ping_status":"open","sticky":false,"template":"","format":"standard","meta":{"footnotes":""},"categories":[20],"tags":[],"class_list":["post-14941","post","type-post","status-publish","format-standard","has-post-thumbnail","hentry","category-economia"],"_links":{"self":[{"href":"https:\/\/diarionews.com.br\/index.php?rest_route=\/wp\/v2\/posts\/14941","targetHints":{"allow":["GET"]}}],"collection":[{"href":"https:\/\/diarionews.com.br\/index.php?rest_route=\/wp\/v2\/posts"}],"about":[{"href":"https:\/\/diarionews.com.br\/index.php?rest_route=\/wp\/v2\/types\/post"}],"author":[{"embeddable":true,"href":"https:\/\/diarionews.com.br\/index.php?rest_route=\/wp\/v2\/users\/3"}],"replies":[{"embeddable":true,"href":"https:\/\/diarionews.com.br\/index.php?rest_route=%2Fwp%2Fv2%2Fcomments&post=14941"}],"version-history":[{"count":1,"href":"https:\/\/diarionews.com.br\/index.php?rest_route=\/wp\/v2\/posts\/14941\/revisions"}],"predecessor-version":[{"id":14943,"href":"https:\/\/diarionews.com.br\/index.php?rest_route=\/wp\/v2\/posts\/14941\/revisions\/14943"}],"wp:featuredmedia":[{"embeddable":true,"href":"https:\/\/diarionews.com.br\/index.php?rest_route=\/wp\/v2\/media\/14942"}],"wp:attachment":[{"href":"https:\/\/diarionews.com.br\/index.php?rest_route=%2Fwp%2Fv2%2Fmedia&parent=14941"}],"wp:term":[{"taxonomy":"category","embeddable":true,"href":"https:\/\/diarionews.com.br\/index.php?rest_route=%2Fwp%2Fv2%2Fcategories&post=14941"},{"taxonomy":"post_tag","embeddable":true,"href":"https:\/\/diarionews.com.br\/index.php?rest_route=%2Fwp%2Fv2%2Ftags&post=14941"}],"curies":[{"name":"wp","href":"https:\/\/api.w.org\/{rel}","templated":true}]}}