{"id":14923,"date":"2026-09-05T10:44:00","date_gmt":"2026-09-05T14:44:00","guid":{"rendered":"https:\/\/diarionews.com.br\/?p=14923"},"modified":"2026-09-05T07:46:56","modified_gmt":"2026-09-05T11:46:56","slug":"ah-ta-mulher-acusa-clinica-espiritual-de-coacao-apos-desviar-r-17-milhoes","status":"publish","type":"post","link":"https:\/\/diarionews.com.br\/?p=14923","title":{"rendered":"Ah t\u00e1! Mulher acusa cl\u00ednica espiritual de coa\u00e7\u00e3o ap\u00f3s desviar R$ 17 milh\u00f5es"},"content":{"rendered":"\n<p><\/p>\n\n\n\n<p>Uma mulher de S\u00e3o Paulo, identificada como Ana, afirma ter sido v\u00edtima de manipula\u00e7\u00e3o e coa\u00e7\u00e3o psicol\u00f3gica por integrantes de uma cl\u00ednica espiritual e sustenta que isso a levou a desviar mais de R$ 17 milh\u00f5es da empresa onde trabalhava. O caso foi levado \u00e0 Justi\u00e7a e ao Minist\u00e9rio P\u00fablico de S\u00e3o Paulo (MPSP), mas a investiga\u00e7\u00e3o criminal sobre as acusa\u00e7\u00f5es contra a cl\u00ednica foi inicialmente arquivada e atualmente passa por an\u00e1lise de uma inst\u00e2ncia revisora.<\/p>\n\n\n\n<p>Segundo o relato da mulher, a rela\u00e7\u00e3o com a Cl\u00ednica C\u00e9u Azul come\u00e7ou em mar\u00e7o de 2021, durante o per\u00edodo de isolamento social provocado pela pandemia de Covid-19. Naquele momento, Ana afirma que enfrentava um quadro depressivo e se recuperava de infec\u00e7\u00f5es pela doen\u00e7a. Ela teria conhecido a cl\u00ednica ap\u00f3s ver, no Instagram de uma influenciadora, elogios a uma astr\u00f3loga do estabelecimento.<\/p>\n\n\n\n<p>O primeiro atendimento teria custado R$ 250 e consistido em uma consulta de tar\u00f4. Conforme o relato apresentado pela mulher, durante o atendimento ela ouviu que sua vida estava \u201cemaranhada\u201d e que seus caminhos profissionais estariam bloqueados por feiti\u00e7os. Para supostamente desfazer o problema, teria sido solicitado um pagamento imediato de R$ 740 para um trabalho com velas.<\/p>\n\n\n\n<p>Pouco tempo depois, segundo Ana, o valor teria aumentado para R$ 7.470, destinados \u00e0 compra de 37 velas. Na sequ\u00eancia, ela teria sido colocada em contato com um homem apresentado como Roberto, s\u00f3cio da cl\u00ednica e mentor espiritual, que, de acordo com seu relato, passou a exercer influ\u00eancia cada vez maior sobre suas decis\u00f5es e sua rotina.<\/p>\n\n\n\n<p>Ana afirma que Roberto dizia que ela seria v\u00edtima de uma \u201cmagia pesada\u201d relacionada ao pr\u00f3prio ambiente de trabalho. Segundo a mulher, novos pagamentos eram exigidos para a realiza\u00e7\u00e3o de trabalhos espirituais e, quando ela demonstrava resist\u00eancia, eram feitas afirma\u00e7\u00f5es de que \u201ctodo o mal seria revertido\u201d contra ela e sua fam\u00edlia.<\/p>\n\n\n\n<p>Ainda de acordo com o relato, entre as amea\u00e7as estariam previs\u00f5es de que seu gato morreria e de que seus pais poderiam sofrer graves consequ\u00eancias em raz\u00e3o da chamada \u201ccarga espiritual\u201d. A mulher tamb\u00e9m afirma que foi orientada a passar noites acordada realizando rituais e ora\u00e7\u00f5es, sob o argumento de que precisava \u201ccicatrizar\u201d os trabalhos realizados.<\/p>\n\n\n\n<p>O per\u00edodo de maior envolvimento com a cl\u00ednica teria coincidido com uma piora de sua condi\u00e7\u00e3o emocional. Segundo Ana, quanto mais fragilizada ficava, mais recorria aos respons\u00e1veis pelos atendimentos e realizava novos pagamentos.<\/p>\n\n\n\n<p>Ela tamb\u00e9m afirma que, a cada transfer\u00eancia, era orientada a produzir declara\u00e7\u00f5es manuscritas afirmando que os pagamentos eram feitos voluntariamente. De acordo com o relato, os documentos eram fotografados e enviados \u00e0 cl\u00ednica, o que, na avalia\u00e7\u00e3o da mulher, poderia posteriormente ser utilizado para demonstrar que as transfer\u00eancias haviam sido realizadas por vontade pr\u00f3pria.<\/p>\n\n\n\n<p>Os valores pagos cresceram rapidamente. Ana afirma que chegou a desembolsar R$ 90 mil em um \u00fanico trabalho espiritual. Segundo ela, os respons\u00e1veis pela cl\u00ednica tamb\u00e9m teriam informado que parte dos valores seria posteriormente devolvida na forma de \u201cdoa\u00e7\u00e3o\u201d, depois da conclus\u00e3o dos trabalhos. O ressarcimento, por\u00e9m, n\u00e3o teria ocorrido.<\/p>\n\n\n\n<p>Em aproximadamente 20 meses, as transfer\u00eancias feitas diretamente por Ana para a cl\u00ednica teriam totalizado R$ 1.072.837,50. Quando suas economias acabaram, ela afirma que passou a ser pressionada a utilizar recursos da empresa onde trabalhava.<\/p>\n\n\n\n<p>A investiga\u00e7\u00e3o criminal instaurada posteriormente atribui \u00e0 mulher o desvio de mais de R$ 17 milh\u00f5es da empresa. Segundo documentos mencionados na reportagem, pelo menos R$ 9,4 milh\u00f5es desse montante teriam sido destinados a contas relacionadas \u00e0 Cl\u00ednica C\u00e9u Azul e a seus respons\u00e1veis, Mayara Aristides e Estevo Yanko Gaichi.<\/p>\n\n\n\n<p>Ana foi demitida por justa causa depois que os desvios foram descobertos e passou a responder a processo criminal por furto qualificado mediante abuso de confian\u00e7a e fraude continuada. Mesmo depois de perder o emprego, segundo o relato, ela teria contra\u00eddo empr\u00e9stimos e encaminhado mais R$ 260 mil \u00e0 cl\u00ednica.<\/p>\n\n\n\n<p>A defesa da mulher sustenta que ela foi v\u00edtima de um \u201csequestro emocional\u201d. Os advogados afirmam que ela teria sido submetida a amea\u00e7as e manipula\u00e7\u00f5es que comprometeram sua capacidade de decis\u00e3o e a levaram a transferir recursos para a cl\u00ednica.<\/p>\n\n\n\n<p>A mulher tamb\u00e9m questiona a investiga\u00e7\u00e3o que resultou na apura\u00e7\u00e3o dos desvios. Em entrevista, afirmou considerar o inqu\u00e9rito \u201cfraudado\u201d e disse acreditar que estaria sendo submetida a uma esp\u00e9cie de \u201casfixia judicial\u201d para perder credibilidade e deixar de denunciar a cl\u00ednica.<\/p>\n\n\n\n<p>A Cl\u00ednica C\u00e9u Azul nega as acusa\u00e7\u00f5es e afirma que atua com honestidade. At\u00e9 5 de setembro de 2026, n\u00e3o havia decis\u00e3o judicial definitiva reconhecendo as alega\u00e7\u00f5es de Ana como fatos comprovados.<\/p>\n\n\n\n<p>O Minist\u00e9rio P\u00fablico de S\u00e3o Paulo recebeu a den\u00fancia apresentada pela mulher, mas promoveu o arquivamento da investiga\u00e7\u00e3o. Ana contestou a decis\u00e3o e o caso passou a ser analisado por uma inst\u00e2ncia revisora do pr\u00f3prio Minist\u00e9rio P\u00fablico.<\/p>\n\n\n\n<p>A situa\u00e7\u00e3o n\u00e3o \u00e9 isolada. Outra mulher tamb\u00e9m acusou a Cl\u00ednica C\u00e9u Azul de estelionato e afirmou ter gasto mais de R$ 800 mil em trabalhos espirituais. O caso foi investigado pela 2\u00aa Delegacia de Pol\u00edcia de Investiga\u00e7\u00f5es sobre Estelionato e Crimes contra a F\u00e9 P\u00fablica do Departamento Estadual de Investiga\u00e7\u00f5es Criminais de S\u00e3o Paulo.<\/p>\n\n\n\n<p>Segundo informa\u00e7\u00f5es divulgadas na reportagem, essa segunda investiga\u00e7\u00e3o tamb\u00e9m acabou arquivada, ap\u00f3s manifesta\u00e7\u00e3o do MPSP favor\u00e1vel ao arquivamento em janeiro de 2024. As acusa\u00e7\u00f5es, portanto, continuam sem uma conclus\u00e3o judicial que confirme a exist\u00eancia de crime praticado pela cl\u00ednica.<\/p>\n\n\n\n<p><\/p>\n\n\n\n<p><\/p>\n\n\n\n<p><\/p>\n","protected":false},"excerpt":{"rendered":"<p>Uma mulher de S\u00e3o Paulo, identificada como Ana, afirma ter sido v\u00edtima de manipula\u00e7\u00e3o e coa\u00e7\u00e3o psicol\u00f3gica por integrantes de uma cl\u00ednica espiritual e sustenta que isso a levou a desviar mais de R$ 17 milh\u00f5es da empresa onde trabalhava. O caso foi levado \u00e0 Justi\u00e7a e ao Minist\u00e9rio P\u00fablico de S\u00e3o Paulo (MPSP), mas [&hellip;]<\/p>\n","protected":false},"author":3,"featured_media":14924,"comment_status":"open","ping_status":"open","sticky":false,"template":"","format":"standard","meta":{"footnotes":""},"categories":[12],"tags":[],"class_list":["post-14923","post","type-post","status-publish","format-standard","has-post-thumbnail","hentry","category-nacionais"],"_links":{"self":[{"href":"https:\/\/diarionews.com.br\/index.php?rest_route=\/wp\/v2\/posts\/14923","targetHints":{"allow":["GET"]}}],"collection":[{"href":"https:\/\/diarionews.com.br\/index.php?rest_route=\/wp\/v2\/posts"}],"about":[{"href":"https:\/\/diarionews.com.br\/index.php?rest_route=\/wp\/v2\/types\/post"}],"author":[{"embeddable":true,"href":"https:\/\/diarionews.com.br\/index.php?rest_route=\/wp\/v2\/users\/3"}],"replies":[{"embeddable":true,"href":"https:\/\/diarionews.com.br\/index.php?rest_route=%2Fwp%2Fv2%2Fcomments&post=14923"}],"version-history":[{"count":1,"href":"https:\/\/diarionews.com.br\/index.php?rest_route=\/wp\/v2\/posts\/14923\/revisions"}],"predecessor-version":[{"id":14925,"href":"https:\/\/diarionews.com.br\/index.php?rest_route=\/wp\/v2\/posts\/14923\/revisions\/14925"}],"wp:featuredmedia":[{"embeddable":true,"href":"https:\/\/diarionews.com.br\/index.php?rest_route=\/wp\/v2\/media\/14924"}],"wp:attachment":[{"href":"https:\/\/diarionews.com.br\/index.php?rest_route=%2Fwp%2Fv2%2Fmedia&parent=14923"}],"wp:term":[{"taxonomy":"category","embeddable":true,"href":"https:\/\/diarionews.com.br\/index.php?rest_route=%2Fwp%2Fv2%2Fcategories&post=14923"},{"taxonomy":"post_tag","embeddable":true,"href":"https:\/\/diarionews.com.br\/index.php?rest_route=%2Fwp%2Fv2%2Ftags&post=14923"}],"curies":[{"name":"wp","href":"https:\/\/api.w.org\/{rel}","templated":true}]}}