{"id":14915,"date":"2026-09-06T07:38:29","date_gmt":"2026-09-06T11:38:29","guid":{"rendered":"https:\/\/diarionews.com.br\/?p=14915"},"modified":"2026-09-05T07:39:18","modified_gmt":"2026-09-05T11:39:18","slug":"saneamento-1-920-cidades-ja-concluiram-tarifa-social-de-agua","status":"publish","type":"post","link":"https:\/\/diarionews.com.br\/?p=14915","title":{"rendered":"Saneamento: 1.920 cidades j\u00e1 conclu\u00edram Tarifa Social de \u00c1gua"},"content":{"rendered":"\n<p>A ANA (Ag\u00eancia Nacional de \u00c1guas e Saneamento B\u00e1sico) informou que 157 milh\u00f5es de brasileiros vivem em munic\u00edpios onde a implementa\u00e7\u00e3o da Tarifa Social de \u00c1gua e Esgoto j\u00e1 foi iniciada. O n\u00famero, de acordo com a ag\u00eancia ficou est\u00e1vel entre junho e julho de 2026. No mesmo per\u00edodo, a quantidade de munic\u00edpios com implementa\u00e7\u00e3o conclu\u00edda passou de 1.917 para 1.920. J\u00e1 o total de munic\u00edpios inclu\u00eddos na Lista Positiva permaneceu em 3.804.<\/p>\n\n\n\n<p>Entre os munic\u00edpios ainda em processo de implementa\u00e7\u00e3o, 621 estavam em fase de reequil\u00edbrio econ\u00f4mico-financeiro em julho, ante 622 em junho. Outros 1.272 estavam na etapa de obten\u00e7\u00e3o de dados do Cad\u00danico e do BPC (Benef\u00edcio de Presta\u00e7\u00e3o Continuada), contra 1.274 no m\u00eas anterior.<\/p>\n\n\n\n<p>A ANA ressalta que os 157 milh\u00f5es de habitantes representam a popula\u00e7\u00e3o residente nos munic\u00edpios onde a implementa\u00e7\u00e3o foi iniciada e n\u00e3o, necessariamente, o n\u00famero de pessoas efetivamente beneficiadas pela tarifa social.<\/p>\n\n\n\n<p>Entre junho e julho, o n\u00famero de prestadores com implementa\u00e7\u00e3o conclu\u00edda passou de 144 para 147, enquanto o total de prestadores em conformidade com o envio de dados \u00e0 ag\u00eancia permaneceu em 444.<\/p>\n\n\n\n<p>A implementa\u00e7\u00e3o da Tarifa Social de \u00c1gua e Esgoto deve ser conclu\u00edda at\u00e9 dezembro de 2026. Segundo a ANA, j\u00e1 foram recebidas informa\u00e7\u00f5es de 21 das 27 unidades da Federa\u00e7\u00e3o.<\/p>\n","protected":false},"excerpt":{"rendered":"<p>A ANA (Ag\u00eancia Nacional de \u00c1guas e Saneamento B\u00e1sico) informou que 157 milh\u00f5es de brasileiros vivem em munic\u00edpios onde a implementa\u00e7\u00e3o da Tarifa Social de \u00c1gua e Esgoto j\u00e1 foi iniciada. O n\u00famero, de acordo com a ag\u00eancia ficou est\u00e1vel entre junho e julho de 2026. No mesmo per\u00edodo, a quantidade de munic\u00edpios com implementa\u00e7\u00e3o [&hellip;]<\/p>\n","protected":false},"author":3,"featured_media":11554,"comment_status":"open","ping_status":"open","sticky":false,"template":"","format":"standard","meta":{"footnotes":""},"categories":[12],"tags":[956],"class_list":["post-14915","post","type-post","status-publish","format-standard","has-post-thumbnail","hentry","category-nacionais","tag-importante"],"_links":{"self":[{"href":"https:\/\/diarionews.com.br\/index.php?rest_route=\/wp\/v2\/posts\/14915","targetHints":{"allow":["GET"]}}],"collection":[{"href":"https:\/\/diarionews.com.br\/index.php?rest_route=\/wp\/v2\/posts"}],"about":[{"href":"https:\/\/diarionews.com.br\/index.php?rest_route=\/wp\/v2\/types\/post"}],"author":[{"embeddable":true,"href":"https:\/\/diarionews.com.br\/index.php?rest_route=\/wp\/v2\/users\/3"}],"replies":[{"embeddable":true,"href":"https:\/\/diarionews.com.br\/index.php?rest_route=%2Fwp%2Fv2%2Fcomments&post=14915"}],"version-history":[{"count":1,"href":"https:\/\/diarionews.com.br\/index.php?rest_route=\/wp\/v2\/posts\/14915\/revisions"}],"predecessor-version":[{"id":14916,"href":"https:\/\/diarionews.com.br\/index.php?rest_route=\/wp\/v2\/posts\/14915\/revisions\/14916"}],"wp:featuredmedia":[{"embeddable":true,"href":"https:\/\/diarionews.com.br\/index.php?rest_route=\/wp\/v2\/media\/11554"}],"wp:attachment":[{"href":"https:\/\/diarionews.com.br\/index.php?rest_route=%2Fwp%2Fv2%2Fmedia&parent=14915"}],"wp:term":[{"taxonomy":"category","embeddable":true,"href":"https:\/\/diarionews.com.br\/index.php?rest_route=%2Fwp%2Fv2%2Fcategories&post=14915"},{"taxonomy":"post_tag","embeddable":true,"href":"https:\/\/diarionews.com.br\/index.php?rest_route=%2Fwp%2Fv2%2Ftags&post=14915"}],"curies":[{"name":"wp","href":"https:\/\/api.w.org\/{rel}","templated":true}]}}