{"id":14912,"date":"2026-09-05T08:37:00","date_gmt":"2026-09-05T12:37:00","guid":{"rendered":"https:\/\/diarionews.com.br\/?p=14912"},"modified":"2026-09-05T07:38:23","modified_gmt":"2026-09-05T11:38:23","slug":"terras-raras-grupo-americano-conclui-aquisicao-da-mineradora-serra-verde","status":"publish","type":"post","link":"https:\/\/diarionews.com.br\/?p=14912","title":{"rendered":"Terras raras: grupo americano conclui aquisi\u00e7\u00e3o da mineradora Serra Verde"},"content":{"rendered":"\n<p>A USA Rare Earth anunciou que concluiu na quinta-feira (3) a aquisi\u00e7\u00e3o da mineradora de terras raras Serra Verde, respons\u00e1vel pela opera\u00e7\u00e3o de jazida em Mina\u00e7u (GO). A assinatura do acordo de fus\u00e3o foi comunicada inicialmente em abril deste ano e levantou debates sobre o controle norte-americano na mineradora brasileira, que hoje \u00e9 a \u00fanica produtora em larga escala desse tipo de mineral fora da \u00c1sia.<\/p>\n\n\n\n<p>Segundo\u00a0comunicado\u00a0publicado pela empresa nesta sexta-feira (4), a transa\u00e7\u00e3o envolveu US$ 300 milh\u00f5es e a entrega de 126,8 milh\u00f5es de a\u00e7\u00f5es da USA Rare Earth aos antigos acionistas da Serra Verde.<\/p>\n\n\n\n<p>A conclus\u00e3o do neg\u00f3cio ocorre um dia ap\u00f3s a aprova\u00e7\u00e3o do Marco Legal dos Minerais Cr\u00edticos no Congresso Nacional (PL 2.780\/2024), que aguarda san\u00e7\u00e3o presidencial. O texto aprovado prev\u00ea a cria\u00e7\u00e3o de um conselho vinculado \u00e0 Presid\u00eancia da Rep\u00fablica com prerrogativa para avaliar e barrar mudan\u00e7as no controle acion\u00e1rio de titulares de direitos miner\u00e1rios de terras raras, por raz\u00f5es de soberania nacional.<\/p>\n","protected":false},"excerpt":{"rendered":"<p>A USA Rare Earth anunciou que concluiu na quinta-feira (3) a aquisi\u00e7\u00e3o da mineradora de terras raras Serra Verde, respons\u00e1vel pela opera\u00e7\u00e3o de jazida em Mina\u00e7u (GO). A assinatura do acordo de fus\u00e3o foi comunicada inicialmente em abril deste ano e levantou debates sobre o controle norte-americano na mineradora brasileira, que hoje \u00e9 a \u00fanica [&hellip;]<\/p>\n","protected":false},"author":3,"featured_media":14913,"comment_status":"open","ping_status":"open","sticky":false,"template":"","format":"standard","meta":{"footnotes":""},"categories":[20],"tags":[],"class_list":["post-14912","post","type-post","status-publish","format-standard","has-post-thumbnail","hentry","category-economia"],"_links":{"self":[{"href":"https:\/\/diarionews.com.br\/index.php?rest_route=\/wp\/v2\/posts\/14912","targetHints":{"allow":["GET"]}}],"collection":[{"href":"https:\/\/diarionews.com.br\/index.php?rest_route=\/wp\/v2\/posts"}],"about":[{"href":"https:\/\/diarionews.com.br\/index.php?rest_route=\/wp\/v2\/types\/post"}],"author":[{"embeddable":true,"href":"https:\/\/diarionews.com.br\/index.php?rest_route=\/wp\/v2\/users\/3"}],"replies":[{"embeddable":true,"href":"https:\/\/diarionews.com.br\/index.php?rest_route=%2Fwp%2Fv2%2Fcomments&post=14912"}],"version-history":[{"count":1,"href":"https:\/\/diarionews.com.br\/index.php?rest_route=\/wp\/v2\/posts\/14912\/revisions"}],"predecessor-version":[{"id":14914,"href":"https:\/\/diarionews.com.br\/index.php?rest_route=\/wp\/v2\/posts\/14912\/revisions\/14914"}],"wp:featuredmedia":[{"embeddable":true,"href":"https:\/\/diarionews.com.br\/index.php?rest_route=\/wp\/v2\/media\/14913"}],"wp:attachment":[{"href":"https:\/\/diarionews.com.br\/index.php?rest_route=%2Fwp%2Fv2%2Fmedia&parent=14912"}],"wp:term":[{"taxonomy":"category","embeddable":true,"href":"https:\/\/diarionews.com.br\/index.php?rest_route=%2Fwp%2Fv2%2Fcategories&post=14912"},{"taxonomy":"post_tag","embeddable":true,"href":"https:\/\/diarionews.com.br\/index.php?rest_route=%2Fwp%2Fv2%2Ftags&post=14912"}],"curies":[{"name":"wp","href":"https:\/\/api.w.org\/{rel}","templated":true}]}}