{"id":14899,"date":"2026-09-05T08:22:00","date_gmt":"2026-09-05T12:22:00","guid":{"rendered":"https:\/\/diarionews.com.br\/?p=14899"},"modified":"2026-09-05T07:23:12","modified_gmt":"2026-09-05T11:23:12","slug":"mpmt-amplia-articulacao-para-prevenir-violencia-nas-escolas-de-cuiaba","status":"publish","type":"post","link":"https:\/\/diarionews.com.br\/?p=14899","title":{"rendered":"MPMT amplia articula\u00e7\u00e3o para prevenir viol\u00eancia nas escolas de Cuiab\u00e1"},"content":{"rendered":"\n<p>O Minist\u00e9rio P\u00fablico de Mato Grosso (MPMT) articula a amplia\u00e7\u00e3o de a\u00e7\u00f5es de preven\u00e7\u00e3o e enfrentamento da viol\u00eancia nas escolas da rede municipal de Cuiab\u00e1. A iniciativa foi discutida em reuni\u00e3o realizada na segunda-feira, 31 de agosto de 2026, entre a 14\u00aa Promotoria de Justi\u00e7a C\u00edvel de Cuiab\u00e1 e a Secretaria Municipal de Educa\u00e7\u00e3o (SME).<\/p>\n\n\n\n<p>O encontro foi conduzido pelo promotor de Justi\u00e7a Paulo Henrique Amaral Motta e contou com a participa\u00e7\u00e3o do secret\u00e1rio municipal de Educa\u00e7\u00e3o, Reginaldo Alves Teixeira, al\u00e9m de integrantes da equipe t\u00e9cnica da pasta. Como resultado das discuss\u00f5es, foi firmado um acordo para ampliar iniciativas que j\u00e1 s\u00e3o desenvolvidas nas unidades de ensino e estabelecer um cronograma para a execu\u00e7\u00e3o das novas a\u00e7\u00f5es.<\/p>\n\n\n\n<p>Durante a reuni\u00e3o, foram apresentados e avaliados projetos desenvolvidos pela gest\u00e3o municipal para prevenir e enfrentar situa\u00e7\u00f5es de viol\u00eancia no ambiente escolar. O objetivo \u00e9 fortalecer as medidas de prote\u00e7\u00e3o e criar mecanismos que permitam uma atua\u00e7\u00e3o mais organizada diante de ocorr\u00eancias que envolvam estudantes e profissionais da educa\u00e7\u00e3o.<\/p>\n\n\n\n<p>A atua\u00e7\u00e3o do Minist\u00e9rio P\u00fablico ocorre no \u00e2mbito extrajudicial, por meio de um procedimento administrativo instaurado para acompanhar a implementa\u00e7\u00e3o do sistema de garantia de direitos de crian\u00e7as e adolescentes v\u00edtimas e testemunhas de viol\u00eancia no munic\u00edpio de Cuiab\u00e1.<\/p>\n\n\n\n<p>A proposta envolve n\u00e3o apenas a resposta a epis\u00f3dios de viol\u00eancia j\u00e1 registrados, mas tamb\u00e9m o desenvolvimento de medidas preventivas. A inten\u00e7\u00e3o \u00e9 fortalecer a capacidade das escolas de identificar situa\u00e7\u00f5es de risco, encaminhar casos aos servi\u00e7os respons\u00e1veis e ampliar a prote\u00e7\u00e3o de crian\u00e7as e adolescentes.<\/p>\n\n\n\n<p>O acordo firmado entre o MPMT e a Secretaria Municipal de Educa\u00e7\u00e3o prev\u00ea a organiza\u00e7\u00e3o das a\u00e7\u00f5es e a defini\u00e7\u00e3o de um cronograma para que as medidas sejam efetivamente colocadas em pr\u00e1tica. A estrat\u00e9gia busca integrar as iniciativas existentes e ampliar sua abrang\u00eancia dentro da rede municipal.<\/p>\n\n\n\n<p>A preocupa\u00e7\u00e3o com a viol\u00eancia no ambiente escolar faz parte de uma atua\u00e7\u00e3o mais ampla do Minist\u00e9rio P\u00fablico de Mato Grosso. A institui\u00e7\u00e3o mant\u00e9m projetos relacionados \u00e0 media\u00e7\u00e3o de conflitos, preven\u00e7\u00e3o do bullying, cultura de paz e prote\u00e7\u00e3o de crian\u00e7as e adolescentes.<\/p>\n\n\n\n<p>Em 2026, o MPMT tamb\u00e9m desenvolveu o projeto \u201cPreven\u00e7\u00e3o Come\u00e7a na Escola\u201d, com uma agenda de apresenta\u00e7\u00f5es em munic\u00edpios do interior do Estado entre 14 e 30 de maio. A iniciativa utiliza a arte como ferramenta educativa para abordar a defesa dos direitos de crian\u00e7as e adolescentes e a preven\u00e7\u00e3o de situa\u00e7\u00f5es de viol\u00eancia.<\/p>\n\n\n\n<p>O Minist\u00e9rio P\u00fablico tamb\u00e9m vem utilizando atividades educativas diretamente com estudantes. Entre as iniciativas anteriores est\u00e3o a\u00e7\u00f5es de media\u00e7\u00e3o escolar, rodas de conversa e palestras destinadas a orientar crian\u00e7as e adolescentes sobre diferentes formas de viol\u00eancia e sobre os mecanismos de prote\u00e7\u00e3o dispon\u00edveis.<\/p>\n\n\n\n<p>A atua\u00e7\u00e3o preventiva busca ainda aproximar as escolas da rede de prote\u00e7\u00e3o. A integra\u00e7\u00e3o entre educa\u00e7\u00e3o, assist\u00eancia social, sa\u00fade, seguran\u00e7a p\u00fablica e \u00f3rg\u00e3os respons\u00e1veis pela defesa dos direitos de crian\u00e7as e adolescentes \u00e9 considerada fundamental para que casos de viol\u00eancia sejam identificados e encaminhados de maneira adequada.<\/p>\n\n\n\n<p>Para a comunidade escolar, o fortalecimento dessas pol\u00edticas pode representar maior capacidade de preven\u00e7\u00e3o e resposta diante de conflitos e situa\u00e7\u00f5es de viol\u00eancia. A proposta tamb\u00e9m envolve a prote\u00e7\u00e3o dos profissionais da educa\u00e7\u00e3o, que fazem parte do ambiente diretamente afetado pelos problemas de seguran\u00e7a e conviv\u00eancia nas unidades de ensino.<\/p>\n\n\n\n<p>O acordo firmado em Cuiab\u00e1 representa, portanto, mais uma etapa do acompanhamento realizado pelo MPMT sobre as pol\u00edticas p\u00fablicas destinadas \u00e0 prote\u00e7\u00e3o de crian\u00e7as e adolescentes. A partir da defini\u00e7\u00e3o do cronograma, a expectativa \u00e9 que as a\u00e7\u00f5es discutidas com a Secretaria Municipal de Educa\u00e7\u00e3o avancem para a fase de implementa\u00e7\u00e3o.<\/p>\n\n\n\n<p><\/p>\n","protected":false},"excerpt":{"rendered":"<p>O Minist\u00e9rio P\u00fablico de Mato Grosso (MPMT) articula a amplia\u00e7\u00e3o de a\u00e7\u00f5es de preven\u00e7\u00e3o e enfrentamento da viol\u00eancia nas escolas da rede municipal de Cuiab\u00e1. A iniciativa foi discutida em reuni\u00e3o realizada na segunda-feira, 31 de agosto de 2026, entre a 14\u00aa Promotoria de Justi\u00e7a C\u00edvel de Cuiab\u00e1 e a Secretaria Municipal de Educa\u00e7\u00e3o (SME). [&hellip;]<\/p>\n","protected":false},"author":3,"featured_media":14900,"comment_status":"open","ping_status":"open","sticky":false,"template":"","format":"standard","meta":{"footnotes":""},"categories":[9],"tags":[],"class_list":["post-14899","post","type-post","status-publish","format-standard","has-post-thumbnail","hentry","category-educacao"],"_links":{"self":[{"href":"https:\/\/diarionews.com.br\/index.php?rest_route=\/wp\/v2\/posts\/14899","targetHints":{"allow":["GET"]}}],"collection":[{"href":"https:\/\/diarionews.com.br\/index.php?rest_route=\/wp\/v2\/posts"}],"about":[{"href":"https:\/\/diarionews.com.br\/index.php?rest_route=\/wp\/v2\/types\/post"}],"author":[{"embeddable":true,"href":"https:\/\/diarionews.com.br\/index.php?rest_route=\/wp\/v2\/users\/3"}],"replies":[{"embeddable":true,"href":"https:\/\/diarionews.com.br\/index.php?rest_route=%2Fwp%2Fv2%2Fcomments&post=14899"}],"version-history":[{"count":1,"href":"https:\/\/diarionews.com.br\/index.php?rest_route=\/wp\/v2\/posts\/14899\/revisions"}],"predecessor-version":[{"id":14901,"href":"https:\/\/diarionews.com.br\/index.php?rest_route=\/wp\/v2\/posts\/14899\/revisions\/14901"}],"wp:featuredmedia":[{"embeddable":true,"href":"https:\/\/diarionews.com.br\/index.php?rest_route=\/wp\/v2\/media\/14900"}],"wp:attachment":[{"href":"https:\/\/diarionews.com.br\/index.php?rest_route=%2Fwp%2Fv2%2Fmedia&parent=14899"}],"wp:term":[{"taxonomy":"category","embeddable":true,"href":"https:\/\/diarionews.com.br\/index.php?rest_route=%2Fwp%2Fv2%2Fcategories&post=14899"},{"taxonomy":"post_tag","embeddable":true,"href":"https:\/\/diarionews.com.br\/index.php?rest_route=%2Fwp%2Fv2%2Ftags&post=14899"}],"curies":[{"name":"wp","href":"https:\/\/api.w.org\/{rel}","templated":true}]}}