{"id":14885,"date":"2026-09-06T14:42:00","date_gmt":"2026-09-06T18:42:00","guid":{"rendered":"https:\/\/diarionews.com.br\/?p=14885"},"modified":"2026-09-05T06:45:23","modified_gmt":"2026-09-05T10:45:23","slug":"colheita-do-algodao-chega-a-8866-e-avanca-em-mato-grosso","status":"publish","type":"post","link":"https:\/\/diarionews.com.br\/?p=14885","title":{"rendered":"Colheita do algod\u00e3o chega a 88,66% e avan\u00e7a em Mato Grosso"},"content":{"rendered":"\n<p>A colheita do algod\u00e3o em Mato Grosso alcan\u00e7ou 88,66% da \u00e1rea prevista para a safra 2025\/26, segundo levantamento divulgado no in\u00edcio de setembro. O percentual supera o registrado no mesmo per\u00edodo da temporada anterior e mostra avan\u00e7o acelerado das opera\u00e7\u00f5es nas principais regi\u00f5es produtoras do Estado.<\/p>\n\n\n\n<p>O ritmo da colheita foi favorecido pelo per\u00edodo de tempo seco registrado nas \u00faltimas semanas. Com menor ocorr\u00eancia de chuvas, as m\u00e1quinas conseguiram avan\u00e7ar pelas lavouras e ampliar a \u00e1rea j\u00e1 colhida. Em algumas propriedades, a produtividade chegou a 400 arrobas por hectare, conforme os dados apresentados na reportagem de refer\u00eancia.<\/p>\n\n\n\n<p>Apesar do avan\u00e7o, os produtores passaram a acompanhar com maior aten\u00e7\u00e3o a previs\u00e3o de mudan\u00e7a nas condi\u00e7\u00f5es clim\u00e1ticas. O retorno das chuvas pode reduzir a janela dispon\u00edvel para a entrada das m\u00e1quinas nas \u00e1reas ainda n\u00e3o colhidas e aumentar os cuidados com o algod\u00e3o que permanece no campo.<\/p>\n\n\n\n<p>A previs\u00e3o do Instituto Nacional de Meteorologia (INMET) para setembro aponta possibilidade de chuvas acima da m\u00e9dia hist\u00f3rica em \u00e1reas do Centro-Oeste. A mudan\u00e7a no padr\u00e3o clim\u00e1tico ocorre justamente em um momento decisivo para a conclus\u00e3o da colheita do algod\u00e3o em Mato Grosso.<\/p>\n\n\n\n<p>O cen\u00e1rio exige planejamento das opera\u00e7\u00f5es, principalmente nas propriedades que ainda possuem \u00e1reas significativas a serem colhidas. O excesso de umidade pode dificultar o deslocamento das m\u00e1quinas e interferir no processo de retirada e armazenamento da produ\u00e7\u00e3o.<\/p>\n\n\n\n<p>O acompanhamento realizado pelos \u00f3rg\u00e3os meteorol\u00f3gicos mostra que o algod\u00e3o est\u00e1 predominantemente nas fases de abertura dos capulhos e colheita no Centro-Oeste. A condi\u00e7\u00e3o de tempo seco registrada anteriormente ampliou a janela para as atividades agr\u00edcolas e contribuiu para o avan\u00e7o das m\u00e1quinas.<\/p>\n\n\n\n<p>Mato Grosso possui posi\u00e7\u00e3o de destaque na produ\u00e7\u00e3o nacional de algod\u00e3o e concentra uma parcela significativa das \u00e1reas cultivadas no pa\u00eds. O desempenho da cultura tem impacto direto sobre a economia estadual, envolvendo produtores rurais, beneficiadoras, transportadoras, ind\u00fastrias e toda a cadeia ligada \u00e0 fibra.<\/p>\n\n\n\n<p>O avan\u00e7o para 88,66% representa, portanto, uma etapa pr\u00f3xima da conclus\u00e3o dos trabalhos no campo. Mesmo assim, o percentual ainda deixa uma parcela da \u00e1rea cultivada pendente de colheita, justamente no per\u00edodo em que as condi\u00e7\u00f5es meteorol\u00f3gicas come\u00e7am a mudar.<\/p>\n\n\n\n<p>Al\u00e9m do volume produzido, a qualidade da fibra \u00e9 um dos pontos acompanhados pelos produtores durante a fase final da colheita. A ocorr\u00eancia de chuvas em \u00e1reas pr\u00f3ximas da retirada dos capulhos pode aumentar a preocupa\u00e7\u00e3o com a conserva\u00e7\u00e3o da produ\u00e7\u00e3o e exigir ajustes na programa\u00e7\u00e3o das opera\u00e7\u00f5es.<\/p>\n\n\n\n<p>O Instituto Mato-Grossense de Economia Agropecu\u00e1ria (Imea) mant\u00e9m o acompanhamento dos principais indicadores da cadeia do algod\u00e3o em Mato Grosso, incluindo colheita, comercializa\u00e7\u00e3o, produtividade e pre\u00e7os. Esses dados s\u00e3o utilizados pelo setor para avaliar o desempenho da safra e as condi\u00e7\u00f5es de mercado.<\/p>\n\n\n\n<p><\/p>\n\n\n\n<p><\/p>\n","protected":false},"excerpt":{"rendered":"<p>A colheita do algod\u00e3o em Mato Grosso alcan\u00e7ou 88,66% da \u00e1rea prevista para a safra 2025\/26, segundo levantamento divulgado no in\u00edcio de setembro. O percentual supera o registrado no mesmo per\u00edodo da temporada anterior e mostra avan\u00e7o acelerado das opera\u00e7\u00f5es nas principais regi\u00f5es produtoras do Estado. O ritmo da colheita foi favorecido pelo per\u00edodo de [&hellip;]<\/p>\n","protected":false},"author":3,"featured_media":14211,"comment_status":"open","ping_status":"open","sticky":false,"template":"","format":"standard","meta":{"footnotes":""},"categories":[15],"tags":[],"class_list":["post-14885","post","type-post","status-publish","format-standard","has-post-thumbnail","hentry","category-agropecuaria"],"_links":{"self":[{"href":"https:\/\/diarionews.com.br\/index.php?rest_route=\/wp\/v2\/posts\/14885","targetHints":{"allow":["GET"]}}],"collection":[{"href":"https:\/\/diarionews.com.br\/index.php?rest_route=\/wp\/v2\/posts"}],"about":[{"href":"https:\/\/diarionews.com.br\/index.php?rest_route=\/wp\/v2\/types\/post"}],"author":[{"embeddable":true,"href":"https:\/\/diarionews.com.br\/index.php?rest_route=\/wp\/v2\/users\/3"}],"replies":[{"embeddable":true,"href":"https:\/\/diarionews.com.br\/index.php?rest_route=%2Fwp%2Fv2%2Fcomments&post=14885"}],"version-history":[{"count":1,"href":"https:\/\/diarionews.com.br\/index.php?rest_route=\/wp\/v2\/posts\/14885\/revisions"}],"predecessor-version":[{"id":14886,"href":"https:\/\/diarionews.com.br\/index.php?rest_route=\/wp\/v2\/posts\/14885\/revisions\/14886"}],"wp:featuredmedia":[{"embeddable":true,"href":"https:\/\/diarionews.com.br\/index.php?rest_route=\/wp\/v2\/media\/14211"}],"wp:attachment":[{"href":"https:\/\/diarionews.com.br\/index.php?rest_route=%2Fwp%2Fv2%2Fmedia&parent=14885"}],"wp:term":[{"taxonomy":"category","embeddable":true,"href":"https:\/\/diarionews.com.br\/index.php?rest_route=%2Fwp%2Fv2%2Fcategories&post=14885"},{"taxonomy":"post_tag","embeddable":true,"href":"https:\/\/diarionews.com.br\/index.php?rest_route=%2Fwp%2Fv2%2Ftags&post=14885"}],"curies":[{"name":"wp","href":"https:\/\/api.w.org\/{rel}","templated":true}]}}