{"id":14861,"date":"2026-09-06T05:58:31","date_gmt":"2026-09-06T09:58:31","guid":{"rendered":"https:\/\/diarionews.com.br\/?p=14861"},"modified":"2026-09-05T05:59:45","modified_gmt":"2026-09-05T09:59:45","slug":"el-nino-deve-se-fortalecer-e-aumentar-riscos-climaticos-ate-2027","status":"publish","type":"post","link":"https:\/\/diarionews.com.br\/?p=14861","title":{"rendered":"El Ni\u00f1o deve se fortalecer e aumentar riscos clim\u00e1ticos at\u00e9 2027"},"content":{"rendered":"\n<p>O fen\u00f4meno El Ni\u00f1o deve ganhar for\u00e7a nos pr\u00f3ximos meses e aumentar os riscos de eventos clim\u00e1ticos extremos em diferentes regi\u00f5es do mundo. O alerta \u00e9 da Organiza\u00e7\u00e3o Meteorol\u00f3gica Mundial (OMM), ag\u00eancia especializada da Organiza\u00e7\u00e3o das Na\u00e7\u00f5es Unidas (ONU), que informou em 31 de julho de 2026 que um El Ni\u00f1o forte estava em desenvolvimento e deveria se intensificar durante o per\u00edodo de agosto a outubro.<\/p>\n\n\n\n<p>A atualiza\u00e7\u00e3o mais recente para o Brasil foi divulgada em 1\u00ba de setembro pelo Painel El Ni\u00f1o 2026-2027, formado por \u00f3rg\u00e3os como o Instituto Nacional de Pesquisas Espaciais (INPE), o Instituto Nacional de Meteorologia (INMET), o Centro Nacional de Monitoramento e Alertas de Desastres Naturais (Cemaden), a Ag\u00eancia Nacional de \u00c1guas e Saneamento B\u00e1sico (ANA), o Servi\u00e7o Geol\u00f3gico do Brasil (SGB) e outros \u00f3rg\u00e3os federais. O terceiro boletim apontou mais de 90% de probabilidade de o fen\u00f4meno alcan\u00e7ar intensidade muito forte entre setembro e novembro.<\/p>\n\n\n\n<p>Segundo o documento, o El Ni\u00f1o apresenta continuidade e tend\u00eancia de intensifica\u00e7\u00e3o, com possibilidade de atingir n\u00edveis muito fortes durante a primavera e o ver\u00e3o de 2026. A previs\u00e3o exige aten\u00e7\u00e3o porque o fen\u00f4meno modifica os padr\u00f5es de circula\u00e7\u00e3o atmosf\u00e9rica e pode provocar altera\u00e7\u00f5es importantes nos regimes de chuva e temperatura em diferentes partes do planeta.<\/p>\n\n\n\n<p>A Organiza\u00e7\u00e3o Meteorol\u00f3gica Mundial alerta que o fortalecimento do fen\u00f4meno aumenta a possibilidade de ondas de calor, per\u00edodos de seca, chuvas intensas e outros eventos extremos. Os efeitos, entretanto, n\u00e3o s\u00e3o iguais em todas as regi\u00f5es e dependem tamb\u00e9m da intera\u00e7\u00e3o do El Ni\u00f1o com outros sistemas atmosf\u00e9ricos e das condi\u00e7\u00f5es clim\u00e1ticas locais.<\/p>\n\n\n\n<p>No Brasil, os impactos j\u00e1 est\u00e3o sendo considerados pelos \u00f3rg\u00e3os respons\u00e1veis pelo monitoramento clim\u00e1tico. O terceiro boletim do Painel El Ni\u00f1o 2026-2027 apresenta proje\u00e7\u00f5es para diferentes regi\u00f5es e setores, incluindo recursos h\u00eddricos, agricultura, energia, sa\u00fade e riscos de desastres. A recomenda\u00e7\u00e3o \u00e9 que governos e setores econ\u00f4micos utilizem as previs\u00f5es para antecipar medidas de preven\u00e7\u00e3o e adapta\u00e7\u00e3o.<\/p>\n\n\n\n<p>Em Mato Grosso, a previs\u00e3o clim\u00e1tica do INMET para setembro indica predom\u00ednio de chuvas acima da m\u00e9dia hist\u00f3rica em \u00e1reas do Centro-Oeste. O cen\u00e1rio, por\u00e9m, n\u00e3o significa que todo o Estado ter\u00e1 chuva acima do normal. A distribui\u00e7\u00e3o das precipita\u00e7\u00f5es pode variar entre as regi\u00f5es, de acordo com a atua\u00e7\u00e3o dos sistemas meteorol\u00f3gicos ao longo do m\u00eas.<\/p>\n\n\n\n<p>O fortalecimento do El Ni\u00f1o tamb\u00e9m pode influenciar as temperaturas. A OMM prev\u00ea temperaturas acima da m\u00e9dia em grande parte do planeta durante a atua\u00e7\u00e3o do fen\u00f4meno, o que pode aumentar a ocorr\u00eancia de ondas de calor e agravar condi\u00e7\u00f5es de estresse t\u00e9rmico em \u00e1reas j\u00e1 vulner\u00e1veis.<\/p>\n\n\n\n<p>Apesar dos alertas, especialistas ressaltam que o El Ni\u00f1o n\u00e3o determina sozinho o comportamento do clima em cada munic\u00edpio. O fen\u00f4meno \u00e9 um dos principais fatores de grande escala que interferem no clima, mas sua influ\u00eancia \u00e9 combinada com outros sistemas atmosf\u00e9ricos. Por isso, previs\u00f5es de curto e m\u00e9dio prazo continuam sendo necess\u00e1rias para determinar onde e quando ocorrer\u00e3o chuvas fortes, per\u00edodos secos ou temperaturas elevadas.<\/p>\n\n\n\n<p>A previs\u00e3o atual indica que o epis\u00f3dio poder\u00e1 permanecer influente at\u00e9 2027, mas a intensidade e os impactos dever\u00e3o ser acompanhados por meio das atualiza\u00e7\u00f5es dos centros meteorol\u00f3gicos. No Brasil, o Painel El Ni\u00f1o 2026-2027 continuar\u00e1 reunindo informa\u00e7\u00f5es de diferentes \u00f3rg\u00e3os para avaliar a evolu\u00e7\u00e3o do fen\u00f4meno e seus poss\u00edveis efeitos sobre o territ\u00f3rio nacional.<\/p>\n\n\n\n<p>A express\u00e3o \u201cSuper El Ni\u00f1o\u201d, utilizada na manchete da publica\u00e7\u00e3o de refer\u00eancia, \u00e9 uma denomina\u00e7\u00e3o jornal\u00edstica e n\u00e3o uma categoria oficial da Organiza\u00e7\u00e3o Meteorol\u00f3gica Mundial. O que as institui\u00e7\u00f5es meteorol\u00f3gicas confirmam \u00e9 a exist\u00eancia de um El Ni\u00f1o em desenvolvimento, com previs\u00e3o de forte intensifica\u00e7\u00e3o e possibilidade de atingir intensidade muito forte nos pr\u00f3ximos meses.<\/p>\n","protected":false},"excerpt":{"rendered":"<p>O fen\u00f4meno El Ni\u00f1o deve ganhar for\u00e7a nos pr\u00f3ximos meses e aumentar os riscos de eventos clim\u00e1ticos extremos em diferentes regi\u00f5es do mundo. O alerta \u00e9 da Organiza\u00e7\u00e3o Meteorol\u00f3gica Mundial (OMM), ag\u00eancia especializada da Organiza\u00e7\u00e3o das Na\u00e7\u00f5es Unidas (ONU), que informou em 31 de julho de 2026 que um El Ni\u00f1o forte estava em desenvolvimento [&hellip;]<\/p>\n","protected":false},"author":3,"featured_media":14862,"comment_status":"open","ping_status":"open","sticky":false,"template":"","format":"standard","meta":{"footnotes":""},"categories":[22],"tags":[956],"class_list":["post-14861","post","type-post","status-publish","format-standard","has-post-thumbnail","hentry","category-meio-ambiente","tag-importante"],"_links":{"self":[{"href":"https:\/\/diarionews.com.br\/index.php?rest_route=\/wp\/v2\/posts\/14861","targetHints":{"allow":["GET"]}}],"collection":[{"href":"https:\/\/diarionews.com.br\/index.php?rest_route=\/wp\/v2\/posts"}],"about":[{"href":"https:\/\/diarionews.com.br\/index.php?rest_route=\/wp\/v2\/types\/post"}],"author":[{"embeddable":true,"href":"https:\/\/diarionews.com.br\/index.php?rest_route=\/wp\/v2\/users\/3"}],"replies":[{"embeddable":true,"href":"https:\/\/diarionews.com.br\/index.php?rest_route=%2Fwp%2Fv2%2Fcomments&post=14861"}],"version-history":[{"count":1,"href":"https:\/\/diarionews.com.br\/index.php?rest_route=\/wp\/v2\/posts\/14861\/revisions"}],"predecessor-version":[{"id":14863,"href":"https:\/\/diarionews.com.br\/index.php?rest_route=\/wp\/v2\/posts\/14861\/revisions\/14863"}],"wp:featuredmedia":[{"embeddable":true,"href":"https:\/\/diarionews.com.br\/index.php?rest_route=\/wp\/v2\/media\/14862"}],"wp:attachment":[{"href":"https:\/\/diarionews.com.br\/index.php?rest_route=%2Fwp%2Fv2%2Fmedia&parent=14861"}],"wp:term":[{"taxonomy":"category","embeddable":true,"href":"https:\/\/diarionews.com.br\/index.php?rest_route=%2Fwp%2Fv2%2Fcategories&post=14861"},{"taxonomy":"post_tag","embeddable":true,"href":"https:\/\/diarionews.com.br\/index.php?rest_route=%2Fwp%2Fv2%2Ftags&post=14861"}],"curies":[{"name":"wp","href":"https:\/\/api.w.org\/{rel}","templated":true}]}}