{"id":14844,"date":"2026-09-05T15:31:00","date_gmt":"2026-09-05T19:31:00","guid":{"rendered":"https:\/\/diarionews.com.br\/?p=14844"},"modified":"2026-09-05T05:35:22","modified_gmt":"2026-09-05T09:35:22","slug":"mt-oferece-1-125-vagas-gratuitas-em-cursos-para-alunos-do-ensino-medio","status":"publish","type":"post","link":"https:\/\/diarionews.com.br\/?p=14844","title":{"rendered":"MT oferece 1.125 vagas gratuitas em cursos para alunos do ensino m\u00e9dio"},"content":{"rendered":"\n<p>Estudantes do ensino m\u00e9dio regular da rede p\u00fablica estadual de Mato Grosso t\u00eam acesso a 1.125 vagas gratuitas em cursos de qualifica\u00e7\u00e3o profissional oferecidos por meio de uma parceria entre o Servi\u00e7o Nacional de Aprendizagem Industrial de Mato Grosso (Senai-MT) e a Secretaria de Estado de Educa\u00e7\u00e3o (Seduc-MT). As oportunidades est\u00e3o distribu\u00eddas por 16 munic\u00edpios e fazem parte do programa Forma\u00e7\u00e3o Inicial e Continuada (FIC Seduc).<\/p>\n\n\n\n<p>Os cursos s\u00e3o presenciais e oferecem forma\u00e7\u00e3o em \u00e1reas como administra\u00e7\u00e3o, recursos humanos, inform\u00e1tica e manuten\u00e7\u00e3o de computadores. Entre as op\u00e7\u00f5es est\u00e3o as qualifica\u00e7\u00f5es de Assistente Administrativo com Inform\u00e1tica, Assistente de Recursos Humanos com Inform\u00e1tica, Operador de Computador, Montador e Reparador de Computadores e Controlador e Programador de Produ\u00e7\u00e3o. Ao final da forma\u00e7\u00e3o, os estudantes recebem certificado profissional.<\/p>\n\n\n\n<p>Cuiab\u00e1 concentra a maior quantidade de oportunidades, com 270 vagas distribu\u00eddas entre unidades do Senai Distrito Industrial e Senai Porto. V\u00e1rzea Grande aparece na sequ\u00eancia, com 150 vagas, enquanto Sinop conta com 100 e Rondon\u00f3polis com 90. Tamb\u00e9m h\u00e1 oportunidades em Alto Araguaia, Barra do Gar\u00e7as, C\u00e1ceres, Guiratinga, Lucas do Rio Verde, Nova Mutum, Ouro Branco, Pocon\u00e9, Primavera do Leste, Sorriso, Tangar\u00e1 da Serra e Torixor\u00e9u.<\/p>\n\n\n\n<p>As vagas s\u00e3o exclusivas para estudantes matriculados no ensino m\u00e9dio regular da rede p\u00fablica estadual. Para participar, os interessados devem procurar diretamente as unidades do Senai-MT respons\u00e1veis pelos cursos em cada munic\u00edpio. As inscri\u00e7\u00f5es dependem da disponibilidade de vagas, e as unidades tamb\u00e9m informam os hor\u00e1rios e as turmas dispon\u00edveis.<\/p>\n\n\n\n<p>Segundo a diretora regional do Senai-MT, Fernanda Campos, a iniciativa pretende aproximar os estudantes da forma\u00e7\u00e3o profissional ainda durante o ensino m\u00e9dio. \u201cOs cursos gratuitos ajudam a ampliar as perspectivas dos jovens e a prepar\u00e1-los para os desafios do mundo do trabalho\u201d, afirmou.<\/p>\n\n\n\n<p>A gerente de Educa\u00e7\u00e3o Profissional e Superior do Senai-MT, Paullyanne Ara\u00fajo, explicou que a proposta \u00e9 complementar a forma\u00e7\u00e3o escolar com conhecimentos pr\u00e1ticos. \u201cA proposta \u00e9 desenvolver compet\u00eancias espec\u00edficas e aproximar o estudante de situa\u00e7\u00f5es relacionadas \u00e0s profiss\u00f5es\u201d, disse.<\/p>\n\n\n\n<p>A iniciativa ocorre em um cen\u00e1rio de amplia\u00e7\u00e3o da educa\u00e7\u00e3o profissional na rede estadual. Em mar\u00e7o de 2026, a Seduc informou que havia ampliado a oferta de Educa\u00e7\u00e3o Profissional e Tecnol\u00f3gica para 108 munic\u00edpios, com 275 escolas e 46 cursos dispon\u00edveis. Naquele momento, a secretaria destacou que a modalidade estava presente nas 12 Diretorias Regionais de Educa\u00e7\u00e3o e na Diretoria Metropolitana de Educa\u00e7\u00e3o.<\/p>\n\n\n\n<p>Para os estudantes que desejam aproveitar uma das oportunidades, a orienta\u00e7\u00e3o atual \u00e9 procurar o Senai-MT no munic\u00edpio correspondente e verificar a exist\u00eancia de vagas. O atendimento tamb\u00e9m pode ser obtido pelo WhatsApp (65) 99806-3806. Como as inscri\u00e7\u00f5es est\u00e3o condicionadas \u00e0 disponibilidade, a recomenda\u00e7\u00e3o \u00e9 que os interessados fa\u00e7am contato o quanto antes.<\/p>\n","protected":false},"excerpt":{"rendered":"<p>Estudantes do ensino m\u00e9dio regular da rede p\u00fablica estadual de Mato Grosso t\u00eam acesso a 1.125 vagas gratuitas em cursos de qualifica\u00e7\u00e3o profissional oferecidos por meio de uma parceria entre o Servi\u00e7o Nacional de Aprendizagem Industrial de Mato Grosso (Senai-MT) e a Secretaria de Estado de Educa\u00e7\u00e3o (Seduc-MT). As oportunidades est\u00e3o distribu\u00eddas por 16 munic\u00edpios [&hellip;]<\/p>\n","protected":false},"author":3,"featured_media":14845,"comment_status":"open","ping_status":"open","sticky":false,"template":"","format":"standard","meta":{"footnotes":""},"categories":[9,18],"tags":[956],"class_list":["post-14844","post","type-post","status-publish","format-standard","has-post-thumbnail","hentry","category-educacao","category-estaduais","tag-importante"],"_links":{"self":[{"href":"https:\/\/diarionews.com.br\/index.php?rest_route=\/wp\/v2\/posts\/14844","targetHints":{"allow":["GET"]}}],"collection":[{"href":"https:\/\/diarionews.com.br\/index.php?rest_route=\/wp\/v2\/posts"}],"about":[{"href":"https:\/\/diarionews.com.br\/index.php?rest_route=\/wp\/v2\/types\/post"}],"author":[{"embeddable":true,"href":"https:\/\/diarionews.com.br\/index.php?rest_route=\/wp\/v2\/users\/3"}],"replies":[{"embeddable":true,"href":"https:\/\/diarionews.com.br\/index.php?rest_route=%2Fwp%2Fv2%2Fcomments&post=14844"}],"version-history":[{"count":1,"href":"https:\/\/diarionews.com.br\/index.php?rest_route=\/wp\/v2\/posts\/14844\/revisions"}],"predecessor-version":[{"id":14846,"href":"https:\/\/diarionews.com.br\/index.php?rest_route=\/wp\/v2\/posts\/14844\/revisions\/14846"}],"wp:featuredmedia":[{"embeddable":true,"href":"https:\/\/diarionews.com.br\/index.php?rest_route=\/wp\/v2\/media\/14845"}],"wp:attachment":[{"href":"https:\/\/diarionews.com.br\/index.php?rest_route=%2Fwp%2Fv2%2Fmedia&parent=14844"}],"wp:term":[{"taxonomy":"category","embeddable":true,"href":"https:\/\/diarionews.com.br\/index.php?rest_route=%2Fwp%2Fv2%2Fcategories&post=14844"},{"taxonomy":"post_tag","embeddable":true,"href":"https:\/\/diarionews.com.br\/index.php?rest_route=%2Fwp%2Fv2%2Ftags&post=14844"}],"curies":[{"name":"wp","href":"https:\/\/api.w.org\/{rel}","templated":true}]}}