{"id":14841,"date":"2026-09-05T05:30:59","date_gmt":"2026-09-05T09:30:59","guid":{"rendered":"https:\/\/diarionews.com.br\/?p=14841"},"modified":"2026-09-05T05:31:02","modified_gmt":"2026-09-05T09:31:02","slug":"mato-grosso-pode-ter-chuva-forte-e-tempestades-neste-domingo","status":"publish","type":"post","link":"https:\/\/diarionews.com.br\/?p=14841","title":{"rendered":"Mato Grosso pode ter chuva forte e tempestades neste domingo"},"content":{"rendered":"\n<p>Mato Grosso deve enfrentar aumento da instabilidade neste domingo, 6 de setembro de 2026, com possibilidade de chuva forte e tempestades em diferentes \u00e1reas do Estado. A previs\u00e3o ocorre em meio \u00e0 atua\u00e7\u00e3o de sistemas de baixa press\u00e3o e ao aumento da umidade sobre o Centro-Oeste, condi\u00e7\u00f5es que favorecem a forma\u00e7\u00e3o de nuvens carregadas e pancadas de chuva.<\/p>\n\n\n\n<p>De acordo com o Instituto Nacional de Meteorologia (INMET), a passagem de sistemas atmosf\u00e9ricos pelo Centro-Sul do pa\u00eds contribui para aumentar a instabilidade durante o primeiro fim de semana de setembro. O instituto apontou condi\u00e7\u00f5es favor\u00e1veis \u00e0 ocorr\u00eancia de tempestades em \u00e1reas do Centro-Oeste, al\u00e9m de destacar a presen\u00e7a de um canal de umidade entre a Regi\u00e3o Norte e \u00e1reas influenciadas pelos sistemas que avan\u00e7am pelo pa\u00eds.<\/p>\n\n\n\n<p>A previs\u00e3o clim\u00e1tica divulgada pelo INMET tamb\u00e9m indica que setembro poder\u00e1 apresentar chuvas acima da m\u00e9dia hist\u00f3rica em partes de Mato Grosso. O cen\u00e1rio de maior precipita\u00e7\u00e3o \u00e9 esperado principalmente no centro-norte e no sudeste do Estado, enquanto as temperaturas devem permanecer acima da m\u00e9dia em grande parte da Regi\u00e3o Centro-Oeste.<\/p>\n\n\n\n<p>Para este fim de semana, a possibilidade de chuva deve ser acompanhada de varia\u00e7\u00f5es nas condi\u00e7\u00f5es do tempo ao longo do dia. A ocorr\u00eancia de pancadas pode ser irregular, fazendo com que algumas localidades registrem volumes significativos enquanto outras tenham apenas chuva isolada. Por isso, a previs\u00e3o para cada munic\u00edpio pode sofrer altera\u00e7\u00f5es conforme a aproxima\u00e7\u00e3o do domingo.<\/p>\n\n\n\n<p>A mudan\u00e7a representa um contraste com o per\u00edodo de tempo mais seco e quente registrado recentemente em partes do Centro-Oeste. A entrada de umidade e a atua\u00e7\u00e3o de \u00e1reas de baixa press\u00e3o aumentam a possibilidade de forma\u00e7\u00e3o de tempestades, principalmente em momentos de maior aquecimento e disponibilidade de umidade na atmosfera.<\/p>\n\n\n\n<p>O INMET recomenda que a popula\u00e7\u00e3o acompanhe as atualiza\u00e7\u00f5es das previs\u00f5es e dos avisos meteorol\u00f3gicos, especialmente diante da possibilidade de chuva intensa, rajadas de vento e descargas el\u00e9tricas associadas \u00e0s tempestades. As condi\u00e7\u00f5es podem mudar rapidamente, e os alertas oficiais s\u00e3o atualizados conforme a evolu\u00e7\u00e3o dos sistemas atmosf\u00e9ricos.<\/p>\n\n\n\n<p>A previs\u00e3o, portanto, confirma a possibilidade de chuva forte em Mato Grosso no domingo, mas n\u00e3o significa que todo o Estado ser\u00e1 atingido com a mesma intensidade. A distribui\u00e7\u00e3o das precipita\u00e7\u00f5es depender\u00e1 da evolu\u00e7\u00e3o das \u00e1reas de instabilidade, e novas atualiza\u00e7\u00f5es meteorol\u00f3gicas poder\u00e3o detalhar quais regi\u00f5es ter\u00e3o maior risco de temporais ao longo do dia.<\/p>\n","protected":false},"excerpt":{"rendered":"<p>Mato Grosso deve enfrentar aumento da instabilidade neste domingo, 6 de setembro de 2026, com possibilidade de chuva forte e tempestades em diferentes \u00e1reas do Estado. A previs\u00e3o ocorre em meio \u00e0 atua\u00e7\u00e3o de sistemas de baixa press\u00e3o e ao aumento da umidade sobre o Centro-Oeste, condi\u00e7\u00f5es que favorecem a forma\u00e7\u00e3o de nuvens carregadas e [&hellip;]<\/p>\n","protected":false},"author":3,"featured_media":14842,"comment_status":"open","ping_status":"open","sticky":false,"template":"","format":"standard","meta":{"footnotes":""},"categories":[22],"tags":[956],"class_list":["post-14841","post","type-post","status-publish","format-standard","has-post-thumbnail","hentry","category-meio-ambiente","tag-importante"],"_links":{"self":[{"href":"https:\/\/diarionews.com.br\/index.php?rest_route=\/wp\/v2\/posts\/14841","targetHints":{"allow":["GET"]}}],"collection":[{"href":"https:\/\/diarionews.com.br\/index.php?rest_route=\/wp\/v2\/posts"}],"about":[{"href":"https:\/\/diarionews.com.br\/index.php?rest_route=\/wp\/v2\/types\/post"}],"author":[{"embeddable":true,"href":"https:\/\/diarionews.com.br\/index.php?rest_route=\/wp\/v2\/users\/3"}],"replies":[{"embeddable":true,"href":"https:\/\/diarionews.com.br\/index.php?rest_route=%2Fwp%2Fv2%2Fcomments&post=14841"}],"version-history":[{"count":1,"href":"https:\/\/diarionews.com.br\/index.php?rest_route=\/wp\/v2\/posts\/14841\/revisions"}],"predecessor-version":[{"id":14843,"href":"https:\/\/diarionews.com.br\/index.php?rest_route=\/wp\/v2\/posts\/14841\/revisions\/14843"}],"wp:featuredmedia":[{"embeddable":true,"href":"https:\/\/diarionews.com.br\/index.php?rest_route=\/wp\/v2\/media\/14842"}],"wp:attachment":[{"href":"https:\/\/diarionews.com.br\/index.php?rest_route=%2Fwp%2Fv2%2Fmedia&parent=14841"}],"wp:term":[{"taxonomy":"category","embeddable":true,"href":"https:\/\/diarionews.com.br\/index.php?rest_route=%2Fwp%2Fv2%2Fcategories&post=14841"},{"taxonomy":"post_tag","embeddable":true,"href":"https:\/\/diarionews.com.br\/index.php?rest_route=%2Fwp%2Fv2%2Ftags&post=14841"}],"curies":[{"name":"wp","href":"https:\/\/api.w.org\/{rel}","templated":true}]}}