{"id":14831,"date":"2026-09-05T11:21:00","date_gmt":"2026-09-05T15:21:00","guid":{"rendered":"https:\/\/diarionews.com.br\/?p=14831"},"modified":"2026-09-05T05:22:52","modified_gmt":"2026-09-05T09:22:52","slug":"presidente-do-cnj-participa-do-encontro-regional-com-magistrados-da-regiao-centro-oeste","status":"publish","type":"post","link":"https:\/\/diarionews.com.br\/?p=14831","title":{"rendered":"Presidente do CNJ participa do Encontro Regional com magistrados da Regi\u00e3o Centro-Oeste"},"content":{"rendered":"\n<p>O presidente do Conselho Nacional de Justi\u00e7a (CNJ), ministro Edson Fachin, se reuniu nesta sexta-feira (4\/9) com magistrados da Regi\u00e3o Centro-Oeste, em Cuiab\u00e1 (MT), em mais uma edi\u00e7\u00e3o do Encontro Regional da Magistratura \u2014 a\u00e7\u00e3o do CNJ para o di\u00e1logo com magistrados de todas as regi\u00f5es do pa\u00eds.<\/p>\n\n\n\n<p>Fachin lembrou que a Regi\u00e3o Centro-Oeste re\u00fane hoje alguns desafios, como o combate ao trabalho escravo, a redu\u00e7\u00e3o do acervo processual, a resolu\u00e7\u00e3o de conflitos fundi\u00e1rios e a defesa dos direitos dos povos ind\u00edgenas. O presidente do CNJ disse que cabe aos integrantes do Judici\u00e1rio a tarefa de transformar normas em vida digna \u00e0 popula\u00e7\u00e3o.<\/p>\n\n\n\n<p>\u201cO Centro-Oeste exige um modelo pr\u00f3prio de presen\u00e7a judicial. As dist\u00e2ncias do cerrado, a sazonalidade das \u00e1guas do Pantanal, a diversidade dos povos, a tens\u00e3o da fronteira, os acervos herdados de d\u00e9cadas, tudo isso imp\u00f5e ao Poder Judici\u00e1rio um esfor\u00e7o de adequa\u00e7\u00e3o que n\u00e3o pode ser concebido apenas a partir de Bras\u00edlia\u201d, afirmou.<\/p>\n\n\n\n<p>O corregedor nacional de justi\u00e7a, ministro Benedito Gon\u00e7alves, tamb\u00e9m ressaltou a import\u00e2ncia do CNJ em reconhecer as distintas realidades dos tribunais espalhados pelo pa\u00eds.<\/p>\n\n\n\n<p>\u201cPrecisamos reconhecer as particularidades de cada tribunal e de cada regi\u00e3o. A fun\u00e7\u00e3o correcional \u00e9 indispens\u00e1vel, integra a nossa responsabilidade institucional. Mas a atua\u00e7\u00e3o da Corregedoria Nacional n\u00e3o pode se limitar ao momento em que o problema j\u00e1 est\u00e1 instalado. Precisamos agir antes e construir solu\u00e7\u00f5es conjuntamente com os tribunais\u201d, disse o ministro.<\/p>\n\n\n\n<p>Para o presidente do Tribunal de Justi\u00e7a do Mato Grosso (TJMT), desembargador Jos\u00e9 Zuquim Nogueira, a proximidade dos tribunais com o sistema de justi\u00e7a como um todo \u00e9 essencial para a constru\u00e7\u00e3o de boas solu\u00e7\u00f5es.<\/p>\n\n\n\n<p>\u201cO Judici\u00e1rio tem muito a aprender com a experiencia que ele pr\u00f3prio produz diariamente. A diversidade de nossa popula\u00e7\u00e3o e os desafios de um territ\u00f3rio dessa dimens\u00e3o nos imp\u00f5em presta\u00e7\u00e3o jurisdicional\u201d, disse.<\/p>\n\n\n\n<h4 class=\"wp-block-heading\">Trabalho escravo<\/h4>\n\n\n\n<p>Durante o Encontro, o ministro Edson Fachin anunciou a cria\u00e7\u00e3o de grupo de trabalho para o compartilhamento de provas relacionadas ao trabalho escravo e tr\u00e1fico de pessoas que ser\u00e1 institu\u00eddo por meio de portaria do CNJ. \u201cA impunidade \u00e9 um grave problema quando nos referimos a esses crimes. H\u00e1 necessidade de maior integra\u00e7\u00e3o do sistema de justi\u00e7a que permita o compartilhamento da prova produzida\u201d, disse o ministro.<\/p>\n\n\n\n<p>O grupo ser\u00e1 coordenado pelo conselheiro do CNJ Paulo R\u00e9gis Botelho, presidente do F\u00f3rum Nacional do Poder Judici\u00e1rio para Monitoramento e Efetividade das Demandas Relacionadas \u00e0 Explora\u00e7\u00e3o do Trabalho em Condi\u00e7\u00f5es An\u00e1logas \u00e0 de Escravo e ao Tr\u00e1fico de Pessoas (Fontet). Ele destacou que \u00e9 necess\u00e1rio maior di\u00e1logo institucional para combater o trabalho escravo.<\/p>\n\n\n\n<p>\u201cEstamos em pleno s\u00e9culo XXI, mas essa chaga ainda est\u00e1 presente em todos os estados brasileiros. Esse grupo foi fruto dos debates sobre a necessidade do compartilhamento de provas, para que n\u00e3o fiquem em cada justi\u00e7a e possamos, de forma efetiva, combater o trabalho an\u00e1logo \u00e0 escravid\u00e3o e o tr\u00e1fico de pessoas\u201d, disse.<\/p>\n\n\n\n<p><em>Ag\u00eancia CNJ de Not\u00edcias<\/em><\/p>\n","protected":false},"excerpt":{"rendered":"<p>O presidente do Conselho Nacional de Justi\u00e7a (CNJ), ministro Edson Fachin, se reuniu nesta sexta-feira (4\/9) com magistrados da Regi\u00e3o Centro-Oeste, em Cuiab\u00e1 (MT), em mais uma edi\u00e7\u00e3o do Encontro Regional da Magistratura \u2014 a\u00e7\u00e3o do CNJ para o di\u00e1logo com magistrados de todas as regi\u00f5es do pa\u00eds. Fachin lembrou que a Regi\u00e3o Centro-Oeste re\u00fane [&hellip;]<\/p>\n","protected":false},"author":3,"featured_media":14832,"comment_status":"open","ping_status":"open","sticky":false,"template":"","format":"standard","meta":{"footnotes":""},"categories":[18],"tags":[],"class_list":["post-14831","post","type-post","status-publish","format-standard","has-post-thumbnail","hentry","category-estaduais"],"_links":{"self":[{"href":"https:\/\/diarionews.com.br\/index.php?rest_route=\/wp\/v2\/posts\/14831","targetHints":{"allow":["GET"]}}],"collection":[{"href":"https:\/\/diarionews.com.br\/index.php?rest_route=\/wp\/v2\/posts"}],"about":[{"href":"https:\/\/diarionews.com.br\/index.php?rest_route=\/wp\/v2\/types\/post"}],"author":[{"embeddable":true,"href":"https:\/\/diarionews.com.br\/index.php?rest_route=\/wp\/v2\/users\/3"}],"replies":[{"embeddable":true,"href":"https:\/\/diarionews.com.br\/index.php?rest_route=%2Fwp%2Fv2%2Fcomments&post=14831"}],"version-history":[{"count":1,"href":"https:\/\/diarionews.com.br\/index.php?rest_route=\/wp\/v2\/posts\/14831\/revisions"}],"predecessor-version":[{"id":14833,"href":"https:\/\/diarionews.com.br\/index.php?rest_route=\/wp\/v2\/posts\/14831\/revisions\/14833"}],"wp:featuredmedia":[{"embeddable":true,"href":"https:\/\/diarionews.com.br\/index.php?rest_route=\/wp\/v2\/media\/14832"}],"wp:attachment":[{"href":"https:\/\/diarionews.com.br\/index.php?rest_route=%2Fwp%2Fv2%2Fmedia&parent=14831"}],"wp:term":[{"taxonomy":"category","embeddable":true,"href":"https:\/\/diarionews.com.br\/index.php?rest_route=%2Fwp%2Fv2%2Fcategories&post=14831"},{"taxonomy":"post_tag","embeddable":true,"href":"https:\/\/diarionews.com.br\/index.php?rest_route=%2Fwp%2Fv2%2Ftags&post=14831"}],"curies":[{"name":"wp","href":"https:\/\/api.w.org\/{rel}","templated":true}]}}