{"id":14826,"date":"2026-09-05T10:07:00","date_gmt":"2026-09-05T14:07:00","guid":{"rendered":"https:\/\/diarionews.com.br\/?p=14826"},"modified":"2026-09-05T05:08:47","modified_gmt":"2026-09-05T09:08:47","slug":"bancos-fecham-na-segunda-veja-como-pagar-contas-e-fazer-pix","status":"publish","type":"post","link":"https:\/\/diarionews.com.br\/?p=14826","title":{"rendered":"Bancos fecham na segunda; veja como pagar contas e fazer Pix"},"content":{"rendered":"\n<p>As ag\u00eancias banc\u00e1rias de todo o pa\u00eds n\u00e3o ter\u00e3o atendimento presencial na pr\u00f3xima segunda-feira, 7 de setembro de 2026, devido ao feriado nacional da Independ\u00eancia do Brasil. A data consta no calend\u00e1rio oficial de feriados banc\u00e1rios da Federa\u00e7\u00e3o Brasileira de Bancos (Febraban) e, por isso, os clientes n\u00e3o poder\u00e3o realizar atendimento presencial nas unidades durante o feriado.<\/p>\n\n\n\n<p>Mesmo com as portas fechadas, os servi\u00e7os banc\u00e1rios digitais continuar\u00e3o dispon\u00edveis. Aplicativos e sites dos bancos poder\u00e3o ser utilizados normalmente para pagamentos, consultas e outras opera\u00e7\u00f5es. O Pix tamb\u00e9m funcionar\u00e1 durante todo o feriado, permitindo transfer\u00eancias e pagamentos instant\u00e2neos 24 horas por dia.<\/p>\n\n\n\n<p>A situa\u00e7\u00e3o \u00e9 diferente para opera\u00e7\u00f5es que dependem da compensa\u00e7\u00e3o banc\u00e1ria. A TED n\u00e3o ser\u00e1 processada na segunda-feira porque a data n\u00e3o \u00e9 considerada dia \u00fatil banc\u00e1rio. Por isso, quem precisar realizar uma transfer\u00eancia dessa modalidade deve se programar para antes do feriado ou considerar o processamento no pr\u00f3ximo dia \u00fatil.<\/p>\n\n\n\n<p>O pagamento de boletos e contas de consumo tamb\u00e9m merece aten\u00e7\u00e3o. Documentos com vencimento em 7 de setembro poder\u00e3o ser quitados no pr\u00f3ximo dia \u00fatil, sem a cobran\u00e7a de juros ou multa, quando o vencimento ocorrer em raz\u00e3o do feriado banc\u00e1rio e forem observadas as regras aplic\u00e1veis. Ainda assim, a orienta\u00e7\u00e3o \u00e9 n\u00e3o deixar pagamentos importantes para a \u00faltima hora.<\/p>\n\n\n\n<p>As ag\u00eancias banc\u00e1rias dever\u00e3o retomar o atendimento presencial na ter\u00e7a-feira, 8 de setembro, nas localidades em que n\u00e3o houver feriado local ou outra determina\u00e7\u00e3o espec\u00edfica. A Febraban recomenda que os clientes priorizem os canais digitais durante os dias sem expediente presencial para realizar pagamentos e transfer\u00eancias.<\/p>\n\n\n\n<p>O feriado de 7 de setembro \u00e9 um dos 13 feriados banc\u00e1rios nacionais previstos para 2026. O calend\u00e1rio considera como dias n\u00e3o \u00fateis para as opera\u00e7\u00f5es banc\u00e1rias os s\u00e1bados, domingos e feriados de \u00e2mbito nacional, conforme a Resolu\u00e7\u00e3o n\u00ba 4.880, de 23 de dezembro de 2020, do Conselho Monet\u00e1rio Nacional.<\/p>\n\n\n\n<p>Com isso, consumidores que tenham compromissos financeiros na segunda-feira devem conferir antecipadamente as datas de vencimento e escolher a modalidade de pagamento mais adequada. Para transfer\u00eancias imediatas, o Pix permanece como alternativa durante o feriado, enquanto opera\u00e7\u00f5es sujeitas \u00e0 compensa\u00e7\u00e3o banc\u00e1ria dever\u00e3o aguardar a retomada do expediente.<\/p>\n","protected":false},"excerpt":{"rendered":"<p>As ag\u00eancias banc\u00e1rias de todo o pa\u00eds n\u00e3o ter\u00e3o atendimento presencial na pr\u00f3xima segunda-feira, 7 de setembro de 2026, devido ao feriado nacional da Independ\u00eancia do Brasil. A data consta no calend\u00e1rio oficial de feriados banc\u00e1rios da Federa\u00e7\u00e3o Brasileira de Bancos (Febraban) e, por isso, os clientes n\u00e3o poder\u00e3o realizar atendimento presencial nas unidades durante [&hellip;]<\/p>\n","protected":false},"author":3,"featured_media":14098,"comment_status":"open","ping_status":"open","sticky":false,"template":"","format":"standard","meta":{"footnotes":""},"categories":[12],"tags":[956],"class_list":["post-14826","post","type-post","status-publish","format-standard","has-post-thumbnail","hentry","category-nacionais","tag-importante"],"_links":{"self":[{"href":"https:\/\/diarionews.com.br\/index.php?rest_route=\/wp\/v2\/posts\/14826","targetHints":{"allow":["GET"]}}],"collection":[{"href":"https:\/\/diarionews.com.br\/index.php?rest_route=\/wp\/v2\/posts"}],"about":[{"href":"https:\/\/diarionews.com.br\/index.php?rest_route=\/wp\/v2\/types\/post"}],"author":[{"embeddable":true,"href":"https:\/\/diarionews.com.br\/index.php?rest_route=\/wp\/v2\/users\/3"}],"replies":[{"embeddable":true,"href":"https:\/\/diarionews.com.br\/index.php?rest_route=%2Fwp%2Fv2%2Fcomments&post=14826"}],"version-history":[{"count":1,"href":"https:\/\/diarionews.com.br\/index.php?rest_route=\/wp\/v2\/posts\/14826\/revisions"}],"predecessor-version":[{"id":14827,"href":"https:\/\/diarionews.com.br\/index.php?rest_route=\/wp\/v2\/posts\/14826\/revisions\/14827"}],"wp:featuredmedia":[{"embeddable":true,"href":"https:\/\/diarionews.com.br\/index.php?rest_route=\/wp\/v2\/media\/14098"}],"wp:attachment":[{"href":"https:\/\/diarionews.com.br\/index.php?rest_route=%2Fwp%2Fv2%2Fmedia&parent=14826"}],"wp:term":[{"taxonomy":"category","embeddable":true,"href":"https:\/\/diarionews.com.br\/index.php?rest_route=%2Fwp%2Fv2%2Fcategories&post=14826"},{"taxonomy":"post_tag","embeddable":true,"href":"https:\/\/diarionews.com.br\/index.php?rest_route=%2Fwp%2Fv2%2Ftags&post=14826"}],"curies":[{"name":"wp","href":"https:\/\/api.w.org\/{rel}","templated":true}]}}