{"id":14823,"date":"2026-09-05T09:06:00","date_gmt":"2026-09-05T13:06:00","guid":{"rendered":"https:\/\/diarionews.com.br\/?p=14823"},"modified":"2026-09-05T21:32:14","modified_gmt":"2026-09-06T01:32:14","slug":"prefeito-e-agredido-e-policial-penal-acaba-detido-apos-disparo-em-mt","status":"publish","type":"post","link":"https:\/\/diarionews.com.br\/?p=14823","title":{"rendered":"Prefeito \u00e9 agredido e policial penal acaba detido ap\u00f3s disparo em MT"},"content":{"rendered":"\n<p>O prefeito em exerc\u00edcio de \u00c1gua Boa, Ari Zandon\u00e1, foi agredido na noite de quinta-feira, 3 de setembro de 2026, durante um adesiva\u00e7o pol\u00edtico realizado no munic\u00edpio. O gestor, de 68 anos, foi atingido no rosto por um copo t\u00e9rmico arremessado por um policial penal durante uma discuss\u00e3o. O objeto provocou um corte e Ari precisou ser levado ao Hospital Regional de \u00c1gua Boa, onde recebeu atendimento m\u00e9dico e foi liberado.<\/p>\n\n\n\n<p>Segundo informa\u00e7\u00f5es repassadas pela Pol\u00edcia Militar, a confus\u00e3o teria come\u00e7ado por causa de uma caminhonete utilizada pelo prefeito, que estava parcialmente em frente \u00e0 garagem do policial penal. O servidor teria reclamado da situa\u00e7\u00e3o. Ari, por outro lado, relatou aos policiais que foi avisado por uma testemunha de que algu\u00e9m estaria riscando seu ve\u00edculo. Ao chegar ao local, o prefeito teria encontrado o policial penal junto \u00e0 caminhonete e tentou impedir que o carro continuasse sendo danificado.<\/p>\n\n\n\n<p>Durante o desentendimento, Ari afirmou que empurrou o policial para interromper a a\u00e7\u00e3o. Na sequ\u00eancia, o servidor teria arremessado um copo t\u00e9rmico contra o prefeito, atingindo seu rosto e provocando o ferimento. Conforme a Pol\u00edcia Militar, o policial penal apresentava sinais vis\u00edveis de embriaguez. Depois da agress\u00e3o, ele entrou em sua resid\u00eancia e n\u00e3o aceitou inicialmente os pedidos dos militares para sair e prestar esclarecimentos.<\/p>\n\n\n\n<p>A situa\u00e7\u00e3o se agravou quando, pouco depois, os policiais ouviram um disparo de arma de fogo vindo de dentro da resid\u00eancia. A equipe refor\u00e7ou a negocia\u00e7\u00e3o e, ap\u00f3s alguns minutos, o policial penal abriu o port\u00e3o e acabou detido. Durante as buscas no im\u00f3vel, os militares encontraram uma pistola Glock G19, calibre 9 mm, pertencente ao acervo institucional da Pol\u00edcia Penal de Mato Grosso, al\u00e9m de dois carregadores municiados.<\/p>\n\n\n\n<p>Um dos carregadores tinha 14 muni\u00e7\u00f5es e o outro, 15, totalizando 29 muni\u00e7\u00f5es. O policial penal foi levado para a Delegacia de Pol\u00edcia Civil juntamente com a arma e as muni\u00e7\u00f5es apreendidas. Segundo os relatos divulgados sobre a ocorr\u00eancia, ele afirmou que a caminhonete do prefeito estava parcialmente estacionada em frente \u00e0 sua garagem e que a discuss\u00e3o come\u00e7ou depois de um pedido para que o ve\u00edculo fosse retirado.<\/p>\n\n\n\n<p>O caso aconteceu durante um evento pol\u00edtico e mobilizou equipes da Pol\u00edcia Militar em \u00c1gua Boa. Al\u00e9m da agress\u00e3o contra o prefeito, a ocorr\u00eancia passou a envolver a investiga\u00e7\u00e3o sobre o disparo efetuado dentro da resid\u00eancia e a utiliza\u00e7\u00e3o de uma arma pertencente \u00e0 Pol\u00edcia Penal do Estado. As circunst\u00e2ncias exatas do disparo e da discuss\u00e3o dever\u00e3o ser apuradas pela Pol\u00edcia Civil.<\/p>\n\n\n\n<p>At\u00e9 a atualiza\u00e7\u00e3o desta reportagem, n\u00e3o havia informa\u00e7\u00e3o de que Ari Zandon\u00e1 permanecesse internado. O prefeito recebeu atendimento m\u00e9dico ap\u00f3s sofrer o corte no rosto e foi liberado. J\u00e1 o policial penal permaneceu \u00e0 disposi\u00e7\u00e3o da Pol\u00edcia Civil para as provid\u00eancias relacionadas ao flagrante. A investiga\u00e7\u00e3o dever\u00e1 esclarecer a sequ\u00eancia dos acontecimentos e eventuais responsabilidades criminais decorrentes da ocorr\u00eancia.<\/p>\n","protected":false},"excerpt":{"rendered":"<p>O prefeito em exerc\u00edcio de \u00c1gua Boa, Ari Zandon\u00e1, foi agredido na noite de quinta-feira, 3 de setembro de 2026, durante um adesiva\u00e7o pol\u00edtico realizado no munic\u00edpio. O gestor, de 68 anos, foi atingido no rosto por um copo t\u00e9rmico arremessado por um policial penal durante uma discuss\u00e3o. O objeto provocou um corte e Ari [&hellip;]<\/p>\n","protected":false},"author":3,"featured_media":14824,"comment_status":"open","ping_status":"open","sticky":false,"template":"","format":"standard","meta":{"footnotes":""},"categories":[12],"tags":[],"class_list":["post-14823","post","type-post","status-publish","format-standard","has-post-thumbnail","hentry","category-nacionais"],"_links":{"self":[{"href":"https:\/\/diarionews.com.br\/index.php?rest_route=\/wp\/v2\/posts\/14823","targetHints":{"allow":["GET"]}}],"collection":[{"href":"https:\/\/diarionews.com.br\/index.php?rest_route=\/wp\/v2\/posts"}],"about":[{"href":"https:\/\/diarionews.com.br\/index.php?rest_route=\/wp\/v2\/types\/post"}],"author":[{"embeddable":true,"href":"https:\/\/diarionews.com.br\/index.php?rest_route=\/wp\/v2\/users\/3"}],"replies":[{"embeddable":true,"href":"https:\/\/diarionews.com.br\/index.php?rest_route=%2Fwp%2Fv2%2Fcomments&post=14823"}],"version-history":[{"count":1,"href":"https:\/\/diarionews.com.br\/index.php?rest_route=\/wp\/v2\/posts\/14823\/revisions"}],"predecessor-version":[{"id":14825,"href":"https:\/\/diarionews.com.br\/index.php?rest_route=\/wp\/v2\/posts\/14823\/revisions\/14825"}],"wp:featuredmedia":[{"embeddable":true,"href":"https:\/\/diarionews.com.br\/index.php?rest_route=\/wp\/v2\/media\/14824"}],"wp:attachment":[{"href":"https:\/\/diarionews.com.br\/index.php?rest_route=%2Fwp%2Fv2%2Fmedia&parent=14823"}],"wp:term":[{"taxonomy":"category","embeddable":true,"href":"https:\/\/diarionews.com.br\/index.php?rest_route=%2Fwp%2Fv2%2Fcategories&post=14823"},{"taxonomy":"post_tag","embeddable":true,"href":"https:\/\/diarionews.com.br\/index.php?rest_route=%2Fwp%2Fv2%2Ftags&post=14823"}],"curies":[{"name":"wp","href":"https:\/\/api.w.org\/{rel}","templated":true}]}}