{"id":14817,"date":"2026-09-05T08:00:00","date_gmt":"2026-09-05T12:00:00","guid":{"rendered":"https:\/\/diarionews.com.br\/?p=14817"},"modified":"2026-09-05T05:02:52","modified_gmt":"2026-09-05T09:02:52","slug":"tj-mt-mantem-provas-contra-advogada-investigada-na-operacao-replay","status":"publish","type":"post","link":"https:\/\/diarionews.com.br\/?p=14817","title":{"rendered":"TJ-MT mant\u00e9m provas contra advogada investigada na Opera\u00e7\u00e3o Replay"},"content":{"rendered":"\n<p>O Tribunal de Justi\u00e7a de Mato Grosso manteve, nesta quinta-feira, 3 de setembro de 2026, as provas obtidas contra a advogada e influenciadora digital Dayane Karol Moreira, investigada na Opera\u00e7\u00e3o Replay por suposta participa\u00e7\u00e3o em um esquema de lavagem e oculta\u00e7\u00e3o de dinheiro ligado ao Comando Vermelho. A decis\u00e3o foi tomada pelo desembargador Marcos Machado, da Primeira C\u00e2mara Criminal do TJ-MT, que negou o pedido liminar apresentado pela defesa para anular as provas coletadas durante a opera\u00e7\u00e3o.<\/p>\n\n\n\n<p>A defesa de Dayane alegou que o mandado de busca e apreens\u00e3o teria sido cumprido em endere\u00e7o diferente daquele autorizado pela Justi\u00e7a e sem o acompanhamento de um representante da Ordem dos Advogados do Brasil (OAB). O relator, por\u00e9m, rejeitou os argumentos ao considerar que documentos apresentados pela pr\u00f3pria defesa, entre eles contratos de presta\u00e7\u00e3o de servi\u00e7os e a declara\u00e7\u00e3o de Imposto de Renda, apontavam o local da dilig\u00eancia como domic\u00edlio fiscal e endere\u00e7o profissional da advogada.<\/p>\n\n\n\n<p>O pedido tamb\u00e9m buscava o relaxamento da pris\u00e3o sob o argumento relacionado \u00e0 maternidade de uma crian\u00e7a de oito anos. A solicita\u00e7\u00e3o foi afastada porque Dayane j\u00e1 havia sido beneficiada com pris\u00e3o domiciliar, concedida pela ju\u00edza Edna Ederli Coutinho. A medida inclui monitoramento por tornozeleira eletr\u00f4nica, enquanto a defesa tenta obter a revoga\u00e7\u00e3o das demais medidas cautelares e a liberdade plena da investigada.<\/p>\n\n\n\n<p>Dayane Karol Moreira foi alvo da Opera\u00e7\u00e3o Replay, deflagrada pela Pol\u00edcia Civil de Mato Grosso em 30 de julho de 2026. A investiga\u00e7\u00e3o mira um suposto esquema de lavagem de dinheiro e oculta\u00e7\u00e3o de patrim\u00f4nio ligado ao Comando Vermelho. Entre os alvos est\u00e1 Paulo Witer Farias Paelo, conhecido como \u201cWT\u201d, apontado pelos investigadores como respons\u00e1vel pelo setor financeiro da organiza\u00e7\u00e3o criminosa e que, mesmo preso na Penitenci\u00e1ria Central do Estado, teria continuado a operar a estrutura financeira investigada.<\/p>\n\n\n\n<p>Segundo as investiga\u00e7\u00f5es citadas no processo, Dayane teria atuado na dissimula\u00e7\u00e3o de patrim\u00f4nio, inclusive na intermedia\u00e7\u00e3o da aquisi\u00e7\u00e3o de im\u00f3veis de alto padr\u00e3o em Itapema, em Santa Catarina, que teriam sido registrados em nome de terceiros. A opera\u00e7\u00e3o tamb\u00e9m alcan\u00e7ou outros investigados apontados como integrantes ou colaboradores do esquema. As acusa\u00e7\u00f5es contra Dayane, contudo, permanecem no \u00e2mbito da investiga\u00e7\u00e3o e ainda n\u00e3o representam uma condena\u00e7\u00e3o criminal definitiva.<\/p>\n\n\n\n<p>A Opera\u00e7\u00e3o Replay \u00e9 apontada como desdobramento das apura\u00e7\u00f5es iniciadas na Opera\u00e7\u00e3o Apito Final, que investigou a movimenta\u00e7\u00e3o financeira de integrantes do Comando Vermelho em Mato Grosso. Na nova etapa, as autoridades concentraram esfor\u00e7os na identifica\u00e7\u00e3o e bloqueio de patrim\u00f4nio supostamente utilizado para ocultar recursos da organiza\u00e7\u00e3o. Conforme as informa\u00e7\u00f5es divulgadas sobre a opera\u00e7\u00e3o, a Justi\u00e7a determinou o bloqueio e sequestro de bens avaliados em mais de R$ 17,2 milh\u00f5es, al\u00e9m da indisponibilidade de at\u00e9 R$ 15,3 milh\u00f5es em ativos financeiros.<\/p>\n\n\n\n<p>Com a decis\u00e3o do desembargador Marcos Machado, permanecem v\u00e1lidas, nesta fase do processo, as provas questionadas pela defesa de Dayane Karol Moreira. A decis\u00e3o n\u00e3o representa julgamento definitivo sobre a responsabilidade criminal da investigada, mas mant\u00e9m os elementos obtidos durante a Opera\u00e7\u00e3o Replay enquanto o processo e as demais medidas judiciais continuam em andamento.<\/p>\n","protected":false},"excerpt":{"rendered":"<p>O Tribunal de Justi\u00e7a de Mato Grosso manteve, nesta quinta-feira, 3 de setembro de 2026, as provas obtidas contra a advogada e influenciadora digital Dayane Karol Moreira, investigada na Opera\u00e7\u00e3o Replay por suposta participa\u00e7\u00e3o em um esquema de lavagem e oculta\u00e7\u00e3o de dinheiro ligado ao Comando Vermelho. A decis\u00e3o foi tomada pelo desembargador Marcos Machado, [&hellip;]<\/p>\n","protected":false},"author":3,"featured_media":14818,"comment_status":"open","ping_status":"open","sticky":false,"template":"","format":"standard","meta":{"footnotes":""},"categories":[12],"tags":[],"class_list":["post-14817","post","type-post","status-publish","format-standard","has-post-thumbnail","hentry","category-nacionais"],"_links":{"self":[{"href":"https:\/\/diarionews.com.br\/index.php?rest_route=\/wp\/v2\/posts\/14817","targetHints":{"allow":["GET"]}}],"collection":[{"href":"https:\/\/diarionews.com.br\/index.php?rest_route=\/wp\/v2\/posts"}],"about":[{"href":"https:\/\/diarionews.com.br\/index.php?rest_route=\/wp\/v2\/types\/post"}],"author":[{"embeddable":true,"href":"https:\/\/diarionews.com.br\/index.php?rest_route=\/wp\/v2\/users\/3"}],"replies":[{"embeddable":true,"href":"https:\/\/diarionews.com.br\/index.php?rest_route=%2Fwp%2Fv2%2Fcomments&post=14817"}],"version-history":[{"count":1,"href":"https:\/\/diarionews.com.br\/index.php?rest_route=\/wp\/v2\/posts\/14817\/revisions"}],"predecessor-version":[{"id":14819,"href":"https:\/\/diarionews.com.br\/index.php?rest_route=\/wp\/v2\/posts\/14817\/revisions\/14819"}],"wp:featuredmedia":[{"embeddable":true,"href":"https:\/\/diarionews.com.br\/index.php?rest_route=\/wp\/v2\/media\/14818"}],"wp:attachment":[{"href":"https:\/\/diarionews.com.br\/index.php?rest_route=%2Fwp%2Fv2%2Fmedia&parent=14817"}],"wp:term":[{"taxonomy":"category","embeddable":true,"href":"https:\/\/diarionews.com.br\/index.php?rest_route=%2Fwp%2Fv2%2Fcategories&post=14817"},{"taxonomy":"post_tag","embeddable":true,"href":"https:\/\/diarionews.com.br\/index.php?rest_route=%2Fwp%2Fv2%2Ftags&post=14817"}],"curies":[{"name":"wp","href":"https:\/\/api.w.org\/{rel}","templated":true}]}}