{"id":14814,"date":"2026-09-05T05:00:27","date_gmt":"2026-09-05T09:00:27","guid":{"rendered":"https:\/\/diarionews.com.br\/?p=14814"},"modified":"2026-09-05T05:00:30","modified_gmt":"2026-09-05T09:00:30","slug":"sargento-condenado-por-estupro-e-desligado-dos-bombeiros-em-mt","status":"publish","type":"post","link":"https:\/\/diarionews.com.br\/?p=14814","title":{"rendered":"Sargento condenado por estupro \u00e9 desligado dos Bombeiros em MT"},"content":{"rendered":"\n<p>O 3\u00ba sargento do Corpo de Bombeiros Militar de Mato Grosso (CBM-MT) Marcelo Cunha Leite foi desligado definitivamente da corpora\u00e7\u00e3o ap\u00f3s o tr\u00e2nsito em julgado da condena\u00e7\u00e3o criminal relacionada a um caso ocorrido em 2018, em Pontes e Lacerda, a cerca de 480 quil\u00f4metros de Cuiab\u00e1. A exonera\u00e7\u00e3o foi assinada pelo comandante-geral do CBM-MT, coronel Fl\u00e1vio Gl\u00eadson Vieira Bezerra, e publicada no Di\u00e1rio Oficial do Estado.<\/p>\n\n\n\n<p>De acordo com o Superior Tribunal de Justi\u00e7a (STJ), Marcelo Cunha Leite foi condenado a oito anos de reclus\u00e3o, em regime inicial semiaberto, pelo crime previsto no artigo 213, \u00a7 1\u00ba, do C\u00f3digo Penal. O processo chegou ao tribunal superior ap\u00f3s a defesa questionar pontos da condena\u00e7\u00e3o, entre eles a data atribu\u00edda ao fato e o procedimento de reconhecimento fotogr\u00e1fico. Em julgamento realizado entre 12 e 18 de mar\u00e7o de 2026, a Sexta Turma do STJ negou por unanimidade o agravo regimental da defesa.<\/p>\n\n\n\n<p>O tr\u00e2nsito em julgado ocorreu em 25 de agosto de 2026, encerrando a possibilidade de recursos ordin\u00e1rios contra a condena\u00e7\u00e3o. Segundo a portaria de desligamento, os efeitos administrativos e financeiros da medida passaram a valer em 31 de agosto. Com a sa\u00edda definitiva da corpora\u00e7\u00e3o, tamb\u00e9m foi determinado o recolhimento da identidade funcional e do fardamento que ainda estivesse em posse do ex-militar, al\u00e9m da suspens\u00e3o dos proventos. <\/p>\n\n\n\n<p>O caso teve in\u00edcio em 2018, quando o ent\u00e3o militar foi preso em flagrante em um clube de Pontes e Lacerda. Conforme os registros mencionados nas reportagens sobre o caso, um adolescente de 16 anos procurou a pol\u00edcia ap\u00f3s relatar uma abordagem dentro do banheiro do estabelecimento. A ocorr\u00eancia deu origem \u00e0 a\u00e7\u00e3o penal n\u00ba 0007226-10.2018.8.11.0013, posteriormente analisada pelo Tribunal de Justi\u00e7a de Mato Grosso e pelo STJ. <\/p>\n\n\n\n<p>A decis\u00e3o mais recente localizada sobre o processo \u00e9 justamente a do STJ, publicada em mar\u00e7o de 2026, na qual o tribunal registrou que se tratava de condena\u00e7\u00e3o j\u00e1 transitada em julgado e rejeitou o recurso apresentado pela defesa. Com a conclus\u00e3o definitiva do processo judicial, o Corpo de Bombeiros efetivou o desligamento do sargento, encerrando tamb\u00e9m seu v\u00ednculo funcional com a corpora\u00e7\u00e3o. <\/p>\n","protected":false},"excerpt":{"rendered":"<p>O 3\u00ba sargento do Corpo de Bombeiros Militar de Mato Grosso (CBM-MT) Marcelo Cunha Leite foi desligado definitivamente da corpora\u00e7\u00e3o ap\u00f3s o tr\u00e2nsito em julgado da condena\u00e7\u00e3o criminal relacionada a um caso ocorrido em 2018, em Pontes e Lacerda, a cerca de 480 quil\u00f4metros de Cuiab\u00e1. A exonera\u00e7\u00e3o foi assinada pelo comandante-geral do CBM-MT, coronel [&hellip;]<\/p>\n","protected":false},"author":3,"featured_media":14815,"comment_status":"open","ping_status":"open","sticky":false,"template":"","format":"standard","meta":{"footnotes":""},"categories":[18],"tags":[956],"class_list":["post-14814","post","type-post","status-publish","format-standard","has-post-thumbnail","hentry","category-estaduais","tag-importante"],"_links":{"self":[{"href":"https:\/\/diarionews.com.br\/index.php?rest_route=\/wp\/v2\/posts\/14814","targetHints":{"allow":["GET"]}}],"collection":[{"href":"https:\/\/diarionews.com.br\/index.php?rest_route=\/wp\/v2\/posts"}],"about":[{"href":"https:\/\/diarionews.com.br\/index.php?rest_route=\/wp\/v2\/types\/post"}],"author":[{"embeddable":true,"href":"https:\/\/diarionews.com.br\/index.php?rest_route=\/wp\/v2\/users\/3"}],"replies":[{"embeddable":true,"href":"https:\/\/diarionews.com.br\/index.php?rest_route=%2Fwp%2Fv2%2Fcomments&post=14814"}],"version-history":[{"count":1,"href":"https:\/\/diarionews.com.br\/index.php?rest_route=\/wp\/v2\/posts\/14814\/revisions"}],"predecessor-version":[{"id":14816,"href":"https:\/\/diarionews.com.br\/index.php?rest_route=\/wp\/v2\/posts\/14814\/revisions\/14816"}],"wp:featuredmedia":[{"embeddable":true,"href":"https:\/\/diarionews.com.br\/index.php?rest_route=\/wp\/v2\/media\/14815"}],"wp:attachment":[{"href":"https:\/\/diarionews.com.br\/index.php?rest_route=%2Fwp%2Fv2%2Fmedia&parent=14814"}],"wp:term":[{"taxonomy":"category","embeddable":true,"href":"https:\/\/diarionews.com.br\/index.php?rest_route=%2Fwp%2Fv2%2Fcategories&post=14814"},{"taxonomy":"post_tag","embeddable":true,"href":"https:\/\/diarionews.com.br\/index.php?rest_route=%2Fwp%2Fv2%2Ftags&post=14814"}],"curies":[{"name":"wp","href":"https:\/\/api.w.org\/{rel}","templated":true}]}}