{"id":14799,"date":"2026-09-04T07:05:21","date_gmt":"2026-09-04T11:05:21","guid":{"rendered":"https:\/\/diarionews.com.br\/?p=14799"},"modified":"2026-09-04T07:05:23","modified_gmt":"2026-09-04T11:05:23","slug":"picape-capota-cai-em-corrego-e-motorista-e-levado-a-upa-em-alta-floresta","status":"publish","type":"post","link":"https:\/\/diarionews.com.br\/?p=14799","title":{"rendered":"Picape capota, cai em c\u00f3rrego e motorista \u00e9 levado \u00e0 UPA em Alta Floresta"},"content":{"rendered":"\n<p>Um homem de 38 anos ficou ferido ap\u00f3s a picape Fiat Strada que conduzia capotar e parar no leito de um c\u00f3rrego, na madrugada desta quinta-feira (3), em Alta Floresta, no norte de Mato Grosso. O acidente aconteceu na Avenida Perimetral Rog\u00e9rio Silva, nas proximidades da Universidade do Estado de Mato Grosso (Unemat).<\/p>\n\n\n\n<p>O Corpo de Bombeiros Militar foi acionado por volta das 4h12 para atender a ocorr\u00eancia. Quando a guarni\u00e7\u00e3o chegou ao ponto indicado, por\u00e9m, o motorista n\u00e3o estava mais no local. Segundo os bombeiros, ele havia deixado a \u00e1rea do acidente a p\u00e9 e seguido at\u00e9 sua resid\u00eancia.<\/p>\n\n\n\n<p>Os militares foram at\u00e9 o endere\u00e7o informado e encontraram o homem deitado no ch\u00e3o. Durante a avalia\u00e7\u00e3o, ele relatou dores na regi\u00e3o do ombro e informou possuir hist\u00f3rico de epis\u00f3dios de luxa\u00e7\u00e3o, quando a articula\u00e7\u00e3o sai do lugar. O motorista tamb\u00e9m apresentava escoria\u00e7\u00f5es no rosto.<\/p>\n\n\n\n<p>Ainda durante o atendimento, o homem relatou aos bombeiros que havia ingerido bebida alco\u00f3lica antes do acidente. Apesar das dores e dos ferimentos, ele conseguiu caminhar por meios pr\u00f3prios at\u00e9 a viatura de resgate.<\/p>\n\n\n\n<p>O motorista foi encaminhado \u00e0 Unidade de Pronto Atendimento (UPA) de Alta Floresta para receber atendimento m\u00e9dico e passar por avalia\u00e7\u00e3o. N\u00e3o foram divulgadas, at\u00e9 a atualiza\u00e7\u00e3o desta reportagem, informa\u00e7\u00f5es sobre a gravidade dos ferimentos ou sobre eventual alta hospitalar.<\/p>\n\n\n\n<p>Depois de encaminhar o homem para a unidade de sa\u00fade, a equipe do Corpo de Bombeiros retornou ao local do acidente para verificar a situa\u00e7\u00e3o da picape. A Fiat Strada, de cor preta, permanecia no leito do c\u00f3rrego, nas proximidades da Unemat.<\/p>\n\n\n\n<p>No local, pessoas do conv\u00edvio profissional do motorista j\u00e1 realizavam a retirada de pertences que estavam dentro do ve\u00edculo. Como n\u00e3o havia mais necessidade de atua\u00e7\u00e3o dos bombeiros, a Pol\u00edcia Militar foi acionada para assumir as provid\u00eancias relacionadas ao acidente e ao ve\u00edculo.<\/p>\n\n\n\n<p>As circunst\u00e2ncias que levaram \u00e0 perda de controle da dire\u00e7\u00e3o e ao capotamento ainda n\u00e3o foram detalhadas pelas autoridades. O relato sobre o consumo de bebida alco\u00f3lica antes da condu\u00e7\u00e3o do ve\u00edculo foi apresentado pelo pr\u00f3prio motorista durante o atendimento dos bombeiros e dever\u00e1 ser considerado no contexto das provid\u00eancias adotadas pelas autoridades de tr\u00e2nsito.<\/p>\n\n\n\n<p><\/p>\n","protected":false},"excerpt":{"rendered":"<p>Um homem de 38 anos ficou ferido ap\u00f3s a picape Fiat Strada que conduzia capotar e parar no leito de um c\u00f3rrego, na madrugada desta quinta-feira (3), em Alta Floresta, no norte de Mato Grosso. O acidente aconteceu na Avenida Perimetral Rog\u00e9rio Silva, nas proximidades da Universidade do Estado de Mato Grosso (Unemat). O Corpo [&hellip;]<\/p>\n","protected":false},"author":3,"featured_media":14800,"comment_status":"open","ping_status":"open","sticky":false,"template":"","format":"standard","meta":{"footnotes":""},"categories":[6],"tags":[],"class_list":["post-14799","post","type-post","status-publish","format-standard","has-post-thumbnail","hentry","category-local"],"_links":{"self":[{"href":"https:\/\/diarionews.com.br\/index.php?rest_route=\/wp\/v2\/posts\/14799","targetHints":{"allow":["GET"]}}],"collection":[{"href":"https:\/\/diarionews.com.br\/index.php?rest_route=\/wp\/v2\/posts"}],"about":[{"href":"https:\/\/diarionews.com.br\/index.php?rest_route=\/wp\/v2\/types\/post"}],"author":[{"embeddable":true,"href":"https:\/\/diarionews.com.br\/index.php?rest_route=\/wp\/v2\/users\/3"}],"replies":[{"embeddable":true,"href":"https:\/\/diarionews.com.br\/index.php?rest_route=%2Fwp%2Fv2%2Fcomments&post=14799"}],"version-history":[{"count":1,"href":"https:\/\/diarionews.com.br\/index.php?rest_route=\/wp\/v2\/posts\/14799\/revisions"}],"predecessor-version":[{"id":14801,"href":"https:\/\/diarionews.com.br\/index.php?rest_route=\/wp\/v2\/posts\/14799\/revisions\/14801"}],"wp:featuredmedia":[{"embeddable":true,"href":"https:\/\/diarionews.com.br\/index.php?rest_route=\/wp\/v2\/media\/14800"}],"wp:attachment":[{"href":"https:\/\/diarionews.com.br\/index.php?rest_route=%2Fwp%2Fv2%2Fmedia&parent=14799"}],"wp:term":[{"taxonomy":"category","embeddable":true,"href":"https:\/\/diarionews.com.br\/index.php?rest_route=%2Fwp%2Fv2%2Fcategories&post=14799"},{"taxonomy":"post_tag","embeddable":true,"href":"https:\/\/diarionews.com.br\/index.php?rest_route=%2Fwp%2Fv2%2Ftags&post=14799"}],"curies":[{"name":"wp","href":"https:\/\/api.w.org\/{rel}","templated":true}]}}