{"id":14792,"date":"2026-09-04T07:57:00","date_gmt":"2026-09-04T11:57:00","guid":{"rendered":"https:\/\/diarionews.com.br\/?p=14792"},"modified":"2026-09-04T06:58:53","modified_gmt":"2026-09-04T10:58:53","slug":"zona-eleitoral-intensifica-preparacao-para-eleicoes-em-aldeia-indigena-de-juina","status":"publish","type":"post","link":"https:\/\/diarionews.com.br\/?p=14792","title":{"rendered":"Zona Eleitoral intensifica prepara\u00e7\u00e3o para elei\u00e7\u00f5es em aldeia ind\u00edgena de Ju\u00edna"},"content":{"rendered":"\n<p>Garantir que todos os cidad\u00e3os&nbsp;e cidad\u00e3s&nbsp;possam exercer o direito ao voto, independentemente da dist\u00e2ncia, das caracter\u00edsticas territoriais ou das dificuldades de acesso \u00e9 um dos compromissos da Justi\u00e7a Eleitoral.&nbsp;Com este objetivo, a 35\u00aa Zona Eleitoral&nbsp;(ZE), com sede em&nbsp;Ju\u00edna&nbsp;(745 km de Cuiab\u00e1)&nbsp;esteve na Aldeia Ind\u00edgena Enawen\u00ea-Naw\u00ea,&nbsp;para verificar as condi\u00e7\u00f5es do local onde funcionar\u00e1 uma se\u00e7\u00e3o eleitoral.&nbsp;<\/p>\n\n\n\n<p>A a\u00e7\u00e3o fez parte das&nbsp;a\u00e7\u00f5es preparat\u00f3rias para as Elei\u00e7\u00f5es Gerais de 2026, que v\u00eam sendo intensificadas pela 35\u00aa ZE.&nbsp;&nbsp;A vistoria ocorreu no&nbsp;\u00faltimo&nbsp;dia 28 de agosto,&nbsp;cuja&nbsp;equipe&nbsp;foi integrada pelo&nbsp;juiz&nbsp;eleitoral,&nbsp;Victor&nbsp;Valarini;&nbsp;o&nbsp;chefe de&nbsp;cart\u00f3rio, Waldomiro J\u00fanior Ormond dos Santos, e servidores(as)&nbsp;da unidade. Os trabalhos foram acompanhados por representantes da Funda\u00e7\u00e3o Nacional dos Povos Ind\u00edgenas (Funai) \u2013 Coordenadoria Regional do Noroeste de Ju\u00edna, institui\u00e7\u00e3o que previamente autorizou a entrada da equipe da Justi\u00e7a Eleitoral no territ\u00f3rio e prestou apoio durante a atividade.&nbsp;<\/p>\n\n\n\n<p>Localizada em uma regi\u00e3o de dif\u00edcil acesso, a comunidade exige planejamento antecipado e articula\u00e7\u00e3o entre diferentes institui\u00e7\u00f5es para a realiza\u00e7\u00e3o do pleito. A vistoria contemplou a Escola Estadual Ind\u00edgena Enawen\u00ea-Naw\u00ea, que ser\u00e1 utilizada como local de vota\u00e7\u00e3o, com avalia\u00e7\u00e3o das condi\u00e7\u00f5es estruturais e de acessibilidade, dos espa\u00e7os destinados \u00e0 instala\u00e7\u00e3o das urnas, da log\u00edstica e dos meios de comunica\u00e7\u00e3o necess\u00e1rios ao funcionamento da se\u00e7\u00e3o.&nbsp;<\/p>\n\n\n\n<p>Com 379&nbsp;pessoas aptas ao voto, a se\u00e7\u00e3o&nbsp;eleitoral&nbsp;instalada na aldeia representa um importante ponto de atendimento&nbsp;na regi\u00e3o. A presen\u00e7a da Justi\u00e7a Eleitoral tamb\u00e9m possibilitou o contato direto com a comunidade ind\u00edgena, favorecendo o di\u00e1logo, o esclarecimento de d\u00favidas e a identifica\u00e7\u00e3o antecipada de eventuais necessidades para o dia da vota\u00e7\u00e3o.&nbsp;<\/p>\n\n\n\n<p>Entre as medidas previstas para o local est\u00e1 a instala\u00e7\u00e3o de ponto de transmiss\u00e3o via sat\u00e9lite, solu\u00e7\u00e3o que contribuir\u00e1 para a comunica\u00e7\u00e3o e a transmiss\u00e3o dos dados eleitorais diante das caracter\u00edsticas geogr\u00e1ficas e das dificuldades de conectividade da regi\u00e3o.&nbsp;<\/p>\n\n\n\n<p>A iniciativa integra o planejamento da 35\u00aa Zona Eleitoral para as Elei\u00e7\u00f5es Gerais de 2026 e est\u00e1 alinhada \u00e0s diretrizes do Tribunal Superior Eleitoral (TSE) e do Tribunal Regional Eleitoral de Mato Grosso (TRE-MT) voltadas \u00e0 garantia da participa\u00e7\u00e3o dos povos ind\u00edgenas no processo eleitoral, com aten\u00e7\u00e3o \u00e0s particularidades de seus territ\u00f3rios e comunidades.&nbsp;<\/p>\n\n\n\n<figure class=\"wp-block-image\"><img decoding=\"async\" src=\"https:\/\/adm.justicaeleitoral.jus.br\/imagens\/fotos\/tre-mt-zona-eleitoral-intensifica-preparacao-para-eleicoes-em-aldeia-indigena-de-juina-interna\/@@display-file\/image\/materias-site-2026-09-03t134917.986.jpg\" alt=\"\"\/><\/figure>\n\n\n\n<p><strong>Orienta\u00e7\u00f5es aos mes\u00e1rios(as)&nbsp;<\/strong><\/p>\n\n\n\n<p>Al\u00e9m da avalia\u00e7\u00e3o da estrutura f\u00edsica e log\u00edstica, a equipe aproveitou a visita para refor\u00e7ar as orienta\u00e7\u00f5es aos mes\u00e1rios&nbsp;e mes\u00e1rias&nbsp;que atuar\u00e3o na se\u00e7\u00e3o eleitoral. Foram abordados aspectos relacionados \u00e0 condu\u00e7\u00e3o dos trabalhos, \u00e0 organiza\u00e7\u00e3o do fluxo de vota\u00e7\u00e3o e \u00e0 observ\u00e2ncia das regras de prefer\u00eancia na fila, de modo a assegurar atendimento adequado, organizado e respeitoso aos eleitores&nbsp;e eleitoras.&nbsp;<\/p>\n\n\n\n<p>Para o&nbsp;juiz&nbsp;da 35\u00aa Zona Eleitoral,&nbsp;a atua\u00e7\u00e3o antecipada permite que a Justi\u00e7a Eleitoral compreenda as particularidades da comunidade e adote, com anteced\u00eancia, as provid\u00eancias necess\u00e1rias.&nbsp;\u201cA presen\u00e7a da Justi\u00e7a Eleitoral na comunidade Enawen\u00ea-Naw\u00ea demonstra nosso compromisso de assegurar que todos os eleitores tenham condi\u00e7\u00f5es efetivas de exercer o direito ao voto. Em uma localidade de dif\u00edcil acesso e com caracter\u00edsticas culturais e territoriais pr\u00f3prias, o planejamento antecipado, o di\u00e1logo com a comunidade e a atua\u00e7\u00e3o integrada com a Funai&nbsp;s\u00e3o indispens\u00e1veis. Estamos trabalhando para que a elei\u00e7\u00e3o ocorra com seguran\u00e7a, tranquilidade, acessibilidade e respeito \u00e0s especificidades dos povos ind\u00edgenas\u201d, frisou o magistrado Victor&nbsp;Valarini.&nbsp;<\/p>\n\n\n\n<p>Na avalia\u00e7\u00e3o do&nbsp;chefe de Cart\u00f3rio, Waldomiro J\u00fanior Ormond dos Santos, a vistoria \u00e9 fundamental para antecipar solu\u00e7\u00f5es e proporcionar mais&nbsp;seguran\u00e7a \u00e0 execu\u00e7\u00e3o dos trabalhos eleitorais.&nbsp;\u201cA prepara\u00e7\u00e3o de uma elei\u00e7\u00e3o come\u00e7a muito antes do dia da vota\u00e7\u00e3o. Em uma se\u00e7\u00e3o instalada em uma comunidade ind\u00edgena e localizada em \u00e1rea de dif\u00edcil acesso, precisamos conhecer a realidade do local, identificar previamente as necessidades e estabelecer uma log\u00edstica adequada. A vistoria e o di\u00e1logo com a comunidade permitem que a equipe da Justi\u00e7a Eleitoral e os mes\u00e1rios estejam melhor preparados para garantir que os 379 eleitores possam exercer seu direito de voto de maneira livre, segura e organizada\u201d.&nbsp;<\/p>\n\n\n\n<p><strong>Seguran\u00e7a ter\u00e1 atua\u00e7\u00e3o integrada&nbsp;<\/strong><\/p>\n\n\n\n<p>O planejamento das Elei\u00e7\u00f5es Gerais tamb\u00e9m contempla medidas espec\u00edficas para assegurar a ordem, a tranquilidade e a seguran\u00e7a nos locais de vota\u00e7\u00e3o ind\u00edgenas.&nbsp;No dia da vota\u00e7\u00e3o, o local contar\u00e1 com o apoio do Ex\u00e9rcito Brasileiro, conforme o planejamento estabelecido para a atua\u00e7\u00e3o das for\u00e7as de seguran\u00e7a nas comunidades ind\u00edgenas. A medida integra a estrat\u00e9gia de atua\u00e7\u00e3o conjunta das institui\u00e7\u00f5es respons\u00e1veis pela seguran\u00e7a durante o pleito, seguindo as diretrizes do&nbsp;Gabinete de Gest\u00e3o Integrada (GGI) do TRE-MT, respons\u00e1vel&nbsp;pela&nbsp;articula\u00e7\u00e3o da atua\u00e7\u00e3o das for\u00e7as de seguran\u00e7a e garantia&nbsp;da prote\u00e7\u00e3o dos locais de vota\u00e7\u00e3o,&nbsp;de&nbsp;eleitores(as)&nbsp;e das equipes envolvidas na realiza\u00e7\u00e3o das elei\u00e7\u00f5es.&nbsp;<\/p>\n\n\n\n<p>A atua\u00e7\u00e3o do GGI inclui reuni\u00f5es peri\u00f3dicas destinadas ao alinhamento das a\u00e7\u00f5es e \u00e0 transmiss\u00e3o de orienta\u00e7\u00f5es espec\u00edficas sobre as se\u00e7\u00f5es eleitorais ind\u00edgenas, considerando as particularidades de cada localidade.&nbsp;Tamb\u00e9m est\u00e1 sendo estabelecido um canal de comunica\u00e7\u00e3o com&nbsp;ju\u00edzes(as)&nbsp;respons\u00e1veis pelas&nbsp;Zonas&nbsp;Eleitorais&nbsp;que possuem se\u00e7\u00f5es ind\u00edgenas, permitindo o encaminhamento antecipado de demandas relacionadas \u00e0 log\u00edstica, seguran\u00e7a, deslocamento e outras necessidades identificadas durante o planejamento das elei\u00e7\u00f5es.&nbsp;<\/p>\n\n\n\n<p><strong>Justi\u00e7a Eleitoral pr\u00f3xima das comunidades&nbsp;<\/strong><\/p>\n\n\n\n<p>A vistoria na Aldeia Enawen\u00ea-Naw\u00ea faz parte de um conjunto de a\u00e7\u00f5es desenvolvidas pela Justi\u00e7a Eleitoral para assegurar que dist\u00e2ncia, dificuldade de acesso ou particularidades territoriais n\u00e3o constituam obst\u00e1culos ao exerc\u00edcio da cidadania.&nbsp;A atua\u00e7\u00e3o conjunta com a Funai&nbsp;\u00e9 igualmente importante nesse processo. A equipe da Coordenadoria Regional do Noroeste acompanhou os trabalhos, auxiliando na comunica\u00e7\u00e3o com a comunidade e no cumprimento dos protocolos de acesso e perman\u00eancia no territ\u00f3rio ind\u00edgena.&nbsp;<\/p>\n\n\n\n<p>Assessoria do TRE-MT&nbsp;<\/p>\n","protected":false},"excerpt":{"rendered":"<p>Garantir que todos os cidad\u00e3os&nbsp;e cidad\u00e3s&nbsp;possam exercer o direito ao voto, independentemente da dist\u00e2ncia, das caracter\u00edsticas territoriais ou das dificuldades de acesso \u00e9 um dos compromissos da Justi\u00e7a Eleitoral.&nbsp;Com este objetivo, a 35\u00aa Zona Eleitoral&nbsp;(ZE), com sede em&nbsp;Ju\u00edna&nbsp;(745 km de Cuiab\u00e1)&nbsp;esteve na Aldeia Ind\u00edgena Enawen\u00ea-Naw\u00ea,&nbsp;para verificar as condi\u00e7\u00f5es do local onde funcionar\u00e1 uma se\u00e7\u00e3o eleitoral.&nbsp; [&hellip;]<\/p>\n","protected":false},"author":3,"featured_media":14793,"comment_status":"open","ping_status":"open","sticky":false,"template":"","format":"standard","meta":{"footnotes":""},"categories":[18],"tags":[],"class_list":["post-14792","post","type-post","status-publish","format-standard","has-post-thumbnail","hentry","category-estaduais"],"_links":{"self":[{"href":"https:\/\/diarionews.com.br\/index.php?rest_route=\/wp\/v2\/posts\/14792","targetHints":{"allow":["GET"]}}],"collection":[{"href":"https:\/\/diarionews.com.br\/index.php?rest_route=\/wp\/v2\/posts"}],"about":[{"href":"https:\/\/diarionews.com.br\/index.php?rest_route=\/wp\/v2\/types\/post"}],"author":[{"embeddable":true,"href":"https:\/\/diarionews.com.br\/index.php?rest_route=\/wp\/v2\/users\/3"}],"replies":[{"embeddable":true,"href":"https:\/\/diarionews.com.br\/index.php?rest_route=%2Fwp%2Fv2%2Fcomments&post=14792"}],"version-history":[{"count":1,"href":"https:\/\/diarionews.com.br\/index.php?rest_route=\/wp\/v2\/posts\/14792\/revisions"}],"predecessor-version":[{"id":14794,"href":"https:\/\/diarionews.com.br\/index.php?rest_route=\/wp\/v2\/posts\/14792\/revisions\/14794"}],"wp:featuredmedia":[{"embeddable":true,"href":"https:\/\/diarionews.com.br\/index.php?rest_route=\/wp\/v2\/media\/14793"}],"wp:attachment":[{"href":"https:\/\/diarionews.com.br\/index.php?rest_route=%2Fwp%2Fv2%2Fmedia&parent=14792"}],"wp:term":[{"taxonomy":"category","embeddable":true,"href":"https:\/\/diarionews.com.br\/index.php?rest_route=%2Fwp%2Fv2%2Fcategories&post=14792"},{"taxonomy":"post_tag","embeddable":true,"href":"https:\/\/diarionews.com.br\/index.php?rest_route=%2Fwp%2Fv2%2Ftags&post=14792"}],"curies":[{"name":"wp","href":"https:\/\/api.w.org\/{rel}","templated":true}]}}