{"id":14786,"date":"2026-09-04T11:48:00","date_gmt":"2026-09-04T15:48:00","guid":{"rendered":"https:\/\/diarionews.com.br\/?p=14786"},"modified":"2026-09-04T06:49:32","modified_gmt":"2026-09-04T10:49:32","slug":"governos-estaduais-reforcam-preparacao-para-impactos-do-el-nino-no-brasil","status":"publish","type":"post","link":"https:\/\/diarionews.com.br\/?p=14786","title":{"rendered":"Governos estaduais refor\u00e7am prepara\u00e7\u00e3o para impactos do El Ni\u00f1o no Brasil"},"content":{"rendered":"\n<p>Governos estaduais est\u00e3o preparando planos para enfrentar os poss\u00edveis impactos do El Ni\u00f1o 2026-2027, que deve ganhar for\u00e7a durante os pr\u00f3ximos meses. A mobiliza\u00e7\u00e3o ocorre diante da atualiza\u00e7\u00e3o dos \u00f3rg\u00e3os oficiais de meteorologia, que apontou, em 1\u00ba de setembro, 90% de probabilidade de o fen\u00f4meno atingir intensidade muito forte no trimestre formado por setembro, outubro e novembro.<\/p>\n\n\n\n<p>O monitoramento \u00e9 realizado de forma conjunta pelo Instituto Nacional de Meteorologia (INMET), Instituto Nacional de Pesquisas Espaciais (INPE), Ag\u00eancia Nacional de \u00c1guas e Saneamento B\u00e1sico (ANA), Centro Nacional de Monitoramento e Alertas de Desastres Naturais (CEMADEN), Servi\u00e7o Geol\u00f3gico do Brasil (SGB), Secretaria Nacional de Prote\u00e7\u00e3o e Defesa Civil (SEDEC) e Centro Gestor e Operacional do Sistema de Prote\u00e7\u00e3o da Amaz\u00f4nia (CENSIPAM).<\/p>\n\n\n\n<p>A preocupa\u00e7\u00e3o dos governos est\u00e1 relacionada \u00e0 possibilidade de mudan\u00e7as importantes nos padr\u00f5es de chuva e temperatura em diferentes regi\u00f5es brasileiras. O El Ni\u00f1o costuma provocar aumento das chuvas no Sul, enquanto \u00e1reas do Norte, Nordeste e partes do Centro-Oeste podem registrar per\u00edodos mais secos e temperaturas mais elevadas. No Sudeste, os efeitos podem ser variados e incluir epis\u00f3dios de chuva associados \u00e0 atua\u00e7\u00e3o de frentes frias.<\/p>\n\n\n\n<p>O cen\u00e1rio j\u00e1 levou diferentes \u00e1reas da administra\u00e7\u00e3o p\u00fablica a iniciar a\u00e7\u00f5es preventivas. O Minist\u00e9rio da Sa\u00fade informou que gestores estaduais trabalham na elabora\u00e7\u00e3o de planos de enfrentamento adaptados \u00e0s caracter\u00edsticas de cada territ\u00f3rio. A estrat\u00e9gia busca antecipar riscos e preparar os servi\u00e7os p\u00fablicos para poss\u00edveis efeitos relacionados ao calor, \u00e0 altera\u00e7\u00e3o das chuvas e a eventos clim\u00e1ticos extremos.<\/p>\n\n\n\n<p>Em S\u00e3o Paulo, por exemplo, a Secretaria Estadual da Sa\u00fade lan\u00e7ou um plano para preparar a rede p\u00fablica diante dos poss\u00edveis efeitos do fen\u00f4meno. O documento orienta os munic\u00edpios sobre riscos \u00e0 sa\u00fade relacionados a ondas de calor, enchentes e altera\u00e7\u00f5es na circula\u00e7\u00e3o de doen\u00e7as. Crian\u00e7as e idosos est\u00e3o entre os grupos que podem apresentar maior vulnerabilidade diante das condi\u00e7\u00f5es clim\u00e1ticas extremas.<\/p>\n\n\n\n<p>Na Bahia, o governo estadual tamb\u00e9m trabalha na elabora\u00e7\u00e3o de medidas para enfrentar o El Ni\u00f1o 2026-2027, com articula\u00e7\u00e3o entre munic\u00edpios e Uni\u00e3o. Entre as \u00e1reas de aten\u00e7\u00e3o est\u00e3o seguran\u00e7a h\u00eddrica, preven\u00e7\u00e3o de eventos extremos e prepara\u00e7\u00e3o dos servi\u00e7os p\u00fablicos para diferentes cen\u00e1rios clim\u00e1ticos.<\/p>\n\n\n\n<p>O setor agropecu\u00e1rio tamb\u00e9m est\u00e1 entre os mais atentos \u00e0s proje\u00e7\u00f5es. Mudan\u00e7as na distribui\u00e7\u00e3o das chuvas podem interferir no calend\u00e1rio agr\u00edcola, na produtividade das lavouras, na disponibilidade de \u00e1gua e nas condi\u00e7\u00f5es das pastagens. Os efeitos, por\u00e9m, n\u00e3o ser\u00e3o uniformes e depender\u00e3o da intensidade e da dura\u00e7\u00e3o do fen\u00f4meno em cada regi\u00e3o.<\/p>\n\n\n\n<p>O Painel El Ni\u00f1o 2026-2027, formado por \u00f3rg\u00e3os federais de monitoramento clim\u00e1tico e hidrol\u00f3gico, refor\u00e7a a necessidade de acompanhamento cont\u00ednuo das condi\u00e7\u00f5es meteorol\u00f3gicas e dos n\u00edveis dos rios e reservat\u00f3rios. A orienta\u00e7\u00e3o \u00e9 que estados e munic\u00edpios utilizem as informa\u00e7\u00f5es atualizadas para aperfei\u00e7oar planos de preven\u00e7\u00e3o e resposta.<\/p>\n\n\n\n<p>O INPE informou que as proje\u00e7\u00f5es indicam probabilidade superior a 95% de ocorr\u00eancia e persist\u00eancia do El Ni\u00f1o durante o segundo semestre de 2026. As previs\u00f5es do Centro de Previs\u00e3o de Tempo e Estudos Clim\u00e1ticos tamb\u00e9m apontam manuten\u00e7\u00e3o das condi\u00e7\u00f5es do fen\u00f4meno pelo menos at\u00e9 o primeiro trimestre de 2027.<\/p>\n\n\n\n<p>Com a aproxima\u00e7\u00e3o da primavera e a possibilidade de intensifica\u00e7\u00e3o do fen\u00f4meno, os governos estaduais passaram a tratar o El Ni\u00f1o como um cen\u00e1rio que exige planejamento antecipado. A prioridade \u00e9 reduzir os impactos sobre a popula\u00e7\u00e3o e os servi\u00e7os essenciais, acompanhando as previs\u00f5es e ajustando as medidas conforme a evolu\u00e7\u00e3o das condi\u00e7\u00f5es clim\u00e1ticas.<\/p>\n","protected":false},"excerpt":{"rendered":"<p>Governos estaduais est\u00e3o preparando planos para enfrentar os poss\u00edveis impactos do El Ni\u00f1o 2026-2027, que deve ganhar for\u00e7a durante os pr\u00f3ximos meses. A mobiliza\u00e7\u00e3o ocorre diante da atualiza\u00e7\u00e3o dos \u00f3rg\u00e3os oficiais de meteorologia, que apontou, em 1\u00ba de setembro, 90% de probabilidade de o fen\u00f4meno atingir intensidade muito forte no trimestre formado por setembro, outubro [&hellip;]<\/p>\n","protected":false},"author":3,"featured_media":14787,"comment_status":"open","ping_status":"open","sticky":false,"template":"","format":"standard","meta":{"footnotes":""},"categories":[22],"tags":[956],"class_list":["post-14786","post","type-post","status-publish","format-standard","has-post-thumbnail","hentry","category-meio-ambiente","tag-importante"],"_links":{"self":[{"href":"https:\/\/diarionews.com.br\/index.php?rest_route=\/wp\/v2\/posts\/14786","targetHints":{"allow":["GET"]}}],"collection":[{"href":"https:\/\/diarionews.com.br\/index.php?rest_route=\/wp\/v2\/posts"}],"about":[{"href":"https:\/\/diarionews.com.br\/index.php?rest_route=\/wp\/v2\/types\/post"}],"author":[{"embeddable":true,"href":"https:\/\/diarionews.com.br\/index.php?rest_route=\/wp\/v2\/users\/3"}],"replies":[{"embeddable":true,"href":"https:\/\/diarionews.com.br\/index.php?rest_route=%2Fwp%2Fv2%2Fcomments&post=14786"}],"version-history":[{"count":1,"href":"https:\/\/diarionews.com.br\/index.php?rest_route=\/wp\/v2\/posts\/14786\/revisions"}],"predecessor-version":[{"id":14788,"href":"https:\/\/diarionews.com.br\/index.php?rest_route=\/wp\/v2\/posts\/14786\/revisions\/14788"}],"wp:featuredmedia":[{"embeddable":true,"href":"https:\/\/diarionews.com.br\/index.php?rest_route=\/wp\/v2\/media\/14787"}],"wp:attachment":[{"href":"https:\/\/diarionews.com.br\/index.php?rest_route=%2Fwp%2Fv2%2Fmedia&parent=14786"}],"wp:term":[{"taxonomy":"category","embeddable":true,"href":"https:\/\/diarionews.com.br\/index.php?rest_route=%2Fwp%2Fv2%2Fcategories&post=14786"},{"taxonomy":"post_tag","embeddable":true,"href":"https:\/\/diarionews.com.br\/index.php?rest_route=%2Fwp%2Fv2%2Ftags&post=14786"}],"curies":[{"name":"wp","href":"https:\/\/api.w.org\/{rel}","templated":true}]}}