{"id":14783,"date":"2026-09-04T17:45:00","date_gmt":"2026-09-04T21:45:00","guid":{"rendered":"https:\/\/diarionews.com.br\/?p=14783"},"modified":"2026-09-04T06:46:19","modified_gmt":"2026-09-04T10:46:19","slug":"justica-determina-regularizacao-do-aeroporto-municipal-de-juina","status":"publish","type":"post","link":"https:\/\/diarionews.com.br\/?p=14783","title":{"rendered":"Justi\u00e7a determina regulariza\u00e7\u00e3o do Aeroporto Municipal de Ju\u00edna"},"content":{"rendered":"\n<p>A Justi\u00e7a determinou a ado\u00e7\u00e3o de medidas para regularizar a estrutura f\u00edsica, a opera\u00e7\u00e3o e a administra\u00e7\u00e3o do Aeroporto Municipal de Ju\u00edna, a 735 quil\u00f4metros de Cuiab\u00e1. A decis\u00e3o acolheu parcialmente o pedido de tutela provis\u00f3ria de urg\u00eancia apresentado pelo Minist\u00e9rio P\u00fablico de Mato Grosso (MPMT) em a\u00e7\u00e3o civil p\u00fablica contra o Munic\u00edpio. A decis\u00e3o foi proferida pela ju\u00edza substituta Gabriella Andressa Moreira Dias de Oliveira.<\/p>\n\n\n\n<p>A a\u00e7\u00e3o foi proposta pela 1\u00aa Promotoria de Justi\u00e7a C\u00edvel de Ju\u00edna, por meio do promotor de Justi\u00e7a Dannilo Preti Vieira, ap\u00f3s um inqu\u00e9rito civil identificar uma s\u00e9rie de problemas no aer\u00f3dromo. As investiga\u00e7\u00f5es reuniram informa\u00e7\u00f5es da Ag\u00eancia Nacional de Avia\u00e7\u00e3o Civil (Anac) e dados do Relat\u00f3rio T\u00e9cnico n\u00ba 735\/2026, produzido pelo Centro de Apoio T\u00e9cnico \u00e0 Execu\u00e7\u00e3o (CAEx\/MPMT).<\/p>\n\n\n\n<p>Entre os problemas apontados est\u00e3o a aus\u00eancia de uma rota acess\u00edvel cont\u00ednua entre o estacionamento, o terminal e a \u00e1rea de embarque, a falta de sanit\u00e1rios adaptados, deteriora\u00e7\u00e3o de estruturas, falhas no cercamento e no controle de acesso. Tamb\u00e9m foram identificadas defici\u00eancias nas instala\u00e7\u00f5es el\u00e9tricas e sanit\u00e1rias, na drenagem e nos mecanismos de prote\u00e7\u00e3o contra inc\u00eandios e descargas atmosf\u00e9ricas.<\/p>\n\n\n\n<p>O Minist\u00e9rio P\u00fablico tamb\u00e9m apontou problemas na gest\u00e3o patrimonial do aeroporto. Segundo a investiga\u00e7\u00e3o, n\u00e3o havia comprova\u00e7\u00e3o de um sistema confi\u00e1vel para registrar as opera\u00e7\u00f5es particulares, identificar os ocupantes dos hangares e formalizar juridicamente a utiliza\u00e7\u00e3o das \u00e1reas p\u00fablicas. A a\u00e7\u00e3o ainda questionou a aus\u00eancia de demonstra\u00e7\u00e3o de cobran\u00e7a pelo uso da estrutura aeroportu\u00e1ria em determinadas opera\u00e7\u00f5es.<\/p>\n\n\n\n<p>Entre janeiro e maio de 2026, a empresa Abelha T\u00e1xi A\u00e9reo e Manuten\u00e7\u00e3o Ltda. informou ter realizado 75 opera\u00e7\u00f5es no aeroporto de Ju\u00edna, sendo 73 voos aerom\u00e9dicos e dois executivos. De acordo com o MPMT, a empresa informou n\u00e3o ter tido custos com pousos e decolagens nesse per\u00edodo.<\/p>\n\n\n\n<p>Na decis\u00e3o, a Justi\u00e7a proibiu o Munic\u00edpio de Ju\u00edna de autorizar novas ocupa\u00e7\u00f5es exclusivas, renovar ocupa\u00e7\u00f5es informais ou ceder gratuitamente hangares, p\u00e1tios, salas, terminais e outras \u00e1reas do aeroporto para pessoas f\u00edsicas ou jur\u00eddicas privadas, salvo nas hip\u00f3teses legalmente autorizadas. O munic\u00edpio tamb\u00e9m dever\u00e1 preservar integralmente documentos e registros relacionados \u00e0s opera\u00e7\u00f5es aeroportu\u00e1rias e \u00e0 utiliza\u00e7\u00e3o das \u00e1reas.<\/p>\n\n\n\n<p>A Prefeitura ter\u00e1 30 dias para apresentar a estrutura administrativa respons\u00e1vel pela gest\u00e3o do aeroporto, indicando os respons\u00e1veis pelas \u00e1reas operacional, de manuten\u00e7\u00e3o, emerg\u00eancia, seguran\u00e7a, meio ambiente, acessibilidade e gest\u00e3o patrimonial. Tamb\u00e9m dever\u00e1 explicar como \u00e9 feito atualmente o controle das opera\u00e7\u00f5es.<\/p>\n\n\n\n<p>Em at\u00e9 60 dias, o munic\u00edpio dever\u00e1 apresentar um invent\u00e1rio preliminar dos hangares e demais \u00e1reas ocupadas. O levantamento dever\u00e1 indicar usu\u00e1rios, aeronaves, instrumentos utilizados para formalizar a ocupa\u00e7\u00e3o, eventuais pagamentos realizados e despesas relacionadas ao consumo de \u00e1gua e energia.<\/p>\n\n\n\n<p>O prazo de 90 dias ser\u00e1 destinado \u00e0 apresenta\u00e7\u00e3o de uma avalia\u00e7\u00e3o t\u00e9cnica atualizada das condi\u00e7\u00f5es do terminal de passageiros, instala\u00e7\u00f5es el\u00e9tricas e sanit\u00e1rias, reservat\u00f3rio de \u00e1gua, sistemas de prote\u00e7\u00e3o contra inc\u00eandio e descargas atmosf\u00e9ricas, cercamento, controle de acesso, acessibilidade e drenagem. O documento dever\u00e1 apontar os riscos existentes e indicar as provid\u00eancias necess\u00e1rias.<\/p>\n\n\n\n<p>A Justi\u00e7a tamb\u00e9m determinou que os resultados da visita t\u00e9cnica prevista para setembro no \u00e2mbito do Programa AmpliAR sejam comunicados ao ju\u00edzo em at\u00e9 10 dias ap\u00f3s sua realiza\u00e7\u00e3o, acompanhados dos relat\u00f3rios e documentos produzidos durante a atividade.<\/p>\n\n\n\n<p>O Aeroporto Municipal de Ju\u00edna est\u00e1 localizado a aproximadamente 6,7 quil\u00f4metros do centro urbano. O terminal possui cerca de 817 metros quadrados e a pista asfaltada tem 1.600 metros de extens\u00e3o. Segundo o MPMT, o aer\u00f3dromo \u00e9 considerado estrat\u00e9gico para a integra\u00e7\u00e3o regional, especialmente por atender opera\u00e7\u00f5es aerom\u00e9dicas e reduzir significativamente o tempo de deslocamento entre Ju\u00edna e Cuiab\u00e1, que por via terrestre pode ultrapassar 12 horas.<\/p>\n","protected":false},"excerpt":{"rendered":"<p>A Justi\u00e7a determinou a ado\u00e7\u00e3o de medidas para regularizar a estrutura f\u00edsica, a opera\u00e7\u00e3o e a administra\u00e7\u00e3o do Aeroporto Municipal de Ju\u00edna, a 735 quil\u00f4metros de Cuiab\u00e1. A decis\u00e3o acolheu parcialmente o pedido de tutela provis\u00f3ria de urg\u00eancia apresentado pelo Minist\u00e9rio P\u00fablico de Mato Grosso (MPMT) em a\u00e7\u00e3o civil p\u00fablica contra o Munic\u00edpio. A decis\u00e3o [&hellip;]<\/p>\n","protected":false},"author":3,"featured_media":14784,"comment_status":"open","ping_status":"open","sticky":false,"template":"","format":"standard","meta":{"footnotes":""},"categories":[21],"tags":[],"class_list":["post-14783","post","type-post","status-publish","format-standard","has-post-thumbnail","hentry","category-regiao"],"_links":{"self":[{"href":"https:\/\/diarionews.com.br\/index.php?rest_route=\/wp\/v2\/posts\/14783","targetHints":{"allow":["GET"]}}],"collection":[{"href":"https:\/\/diarionews.com.br\/index.php?rest_route=\/wp\/v2\/posts"}],"about":[{"href":"https:\/\/diarionews.com.br\/index.php?rest_route=\/wp\/v2\/types\/post"}],"author":[{"embeddable":true,"href":"https:\/\/diarionews.com.br\/index.php?rest_route=\/wp\/v2\/users\/3"}],"replies":[{"embeddable":true,"href":"https:\/\/diarionews.com.br\/index.php?rest_route=%2Fwp%2Fv2%2Fcomments&post=14783"}],"version-history":[{"count":1,"href":"https:\/\/diarionews.com.br\/index.php?rest_route=\/wp\/v2\/posts\/14783\/revisions"}],"predecessor-version":[{"id":14785,"href":"https:\/\/diarionews.com.br\/index.php?rest_route=\/wp\/v2\/posts\/14783\/revisions\/14785"}],"wp:featuredmedia":[{"embeddable":true,"href":"https:\/\/diarionews.com.br\/index.php?rest_route=\/wp\/v2\/media\/14784"}],"wp:attachment":[{"href":"https:\/\/diarionews.com.br\/index.php?rest_route=%2Fwp%2Fv2%2Fmedia&parent=14783"}],"wp:term":[{"taxonomy":"category","embeddable":true,"href":"https:\/\/diarionews.com.br\/index.php?rest_route=%2Fwp%2Fv2%2Fcategories&post=14783"},{"taxonomy":"post_tag","embeddable":true,"href":"https:\/\/diarionews.com.br\/index.php?rest_route=%2Fwp%2Fv2%2Ftags&post=14783"}],"curies":[{"name":"wp","href":"https:\/\/api.w.org\/{rel}","templated":true}]}}