{"id":14780,"date":"2026-09-04T15:42:00","date_gmt":"2026-09-04T19:42:00","guid":{"rendered":"https:\/\/diarionews.com.br\/?p=14780"},"modified":"2026-09-04T06:43:32","modified_gmt":"2026-09-04T10:43:32","slug":"cacau-brasileiro-ganha-forca-na-europa-com-producao-sustentavel-e-rastreabilidade","status":"publish","type":"post","link":"https:\/\/diarionews.com.br\/?p=14780","title":{"rendered":"Cacau brasileiro ganha for\u00e7a na Europa com produ\u00e7\u00e3o sustent\u00e1vel e rastreabilidade"},"content":{"rendered":"\n<p>O cacau brasileiro re\u00fane condi\u00e7\u00f5es estrat\u00e9gicas para ampliar sua participa\u00e7\u00e3o no mercado europeu. A combina\u00e7\u00e3o entre produ\u00e7\u00e3o sustent\u00e1vel, rastreabilidade e cultivo em \u00e1reas anteriormente degradadas fortalece a competitividade do pa\u00eds diante das novas exig\u00eancias ambientais do com\u00e9rcio internacional.<\/p>\n\n\n\n<p>Durante a ExpoCacau 2026, o presidente executivo da Associa\u00e7\u00e3o Brasileira da Ind\u00fastria de Chocolates, Amendoim e Balas (ABICAB), Jaime Recena, destacou que 96% da \u00e1rea atualmente destinada \u00e0 cacauicultura no Brasil est\u00e1 apta a produzir para exporta\u00e7\u00e3o \u00e0 Uni\u00e3o Europeia.<\/p>\n\n\n\n<p>O indicador coloca o pa\u00eds em posi\u00e7\u00e3o favor\u00e1vel para atender \u00e0 crescente procura por mat\u00e9rias-primas com origem comprovada e produzidas de acordo com crit\u00e9rios ambientais.<\/p>\n\n\n\n<h5 class=\"wp-block-heading\">Rastreabilidade abre espa\u00e7o para o cacau brasileiro na Europa<\/h5>\n\n\n\n<p>As regras do mercado europeu aumentaram a import\u00e2ncia de sistemas capazes de identificar a origem do produto e demonstrar que sua produ\u00e7\u00e3o n\u00e3o est\u00e1 relacionada ao desmatamento recente.<\/p>\n\n\n\n<p>Nesse cen\u00e1rio, a rastreabilidade do cacau brasileiro surge como uma vantagem competitiva. A capacidade de acompanhar a mat\u00e9ria-prima desde a propriedade rural at\u00e9 a ind\u00fastria permite comprovar pr\u00e1ticas sustent\u00e1veis e oferecer maior seguran\u00e7a aos compradores internacionais.<\/p>\n\n\n\n<p>Segundo Recena, o Brasil apresenta caracter\u00edsticas \u00fanicas para atender \u00e0s demandas ambientais e de rastreabilidade da Uni\u00e3o Europeia.<\/p>\n\n\n\n<p><em>\u201cIsso nos coloca em posi\u00e7\u00e3o estrat\u00e9gica para ampliar nossa participa\u00e7\u00e3o e transformar a sustentabilidade em vantagem competitiva\u201d, afirmou o presidente executivo da ABICAB.<\/em><\/p>\n\n\n\n<h5 class=\"wp-block-heading\">Par\u00e1 utiliza cacau para recuperar \u00e1reas degradadas<\/h5>\n\n\n\n<p>O potencial ambiental da cacauicultura brasileira tamb\u00e9m foi destacado durante o epis\u00f3dio \u201cCacau do futuro: ci\u00eancia, sustentabilidade e bioeconomia para gerar valor no campo\u201d, produzido pela Nestl\u00e9 durante a ExpoCacau 2026.<\/p>\n\n\n\n<p>No Par\u00e1, um dos principais polos produtores do Brasil, aproximadamente 80% das \u00e1reas cultivadas com cacau est\u00e3o localizadas em terrenos desmatados at\u00e9 1998. A atividade, portanto, pode contribuir para recuperar paisagens produtivas sem exigir a abertura de novas \u00e1reas.<\/p>\n\n\n\n<p>O cultivo do cacau nessas regi\u00f5es favorece a melhoria da estrutura do solo, o aumento da mat\u00e9ria org\u00e2nica e a captura de carbono. A cultura tamb\u00e9m pode ser integrada a sistemas agroflorestais, nos quais o cacaueiro cresce associado a outras esp\u00e9cies vegetais.<\/p>\n\n\n\n<h5 class=\"wp-block-heading\">Sistemas agroflorestais refor\u00e7am sustentabilidade<\/h5>\n\n\n\n<p>A produ\u00e7\u00e3o de cacau em sistemas agroflorestais combina gera\u00e7\u00e3o de renda e conserva\u00e7\u00e3o ambiental. O modelo mant\u00e9m cobertura vegetal diversificada, protege o solo e cria condi\u00e7\u00f5es favor\u00e1veis para a biodiversidade.<\/p>\n\n\n\n<p>Para o produtor rural, esse sistema representa uma alternativa econ\u00f4mica para \u00e1reas degradadas ou anteriormente desmatadas. Ao mesmo tempo, permite agregar valor \u00e0s am\u00eandoas por meio de atributos ambientais cada vez mais valorizados pela ind\u00fastria de chocolates e pelos consumidores.<\/p>\n\n\n\n<p>A utiliza\u00e7\u00e3o de \u00e1reas j\u00e1 convertidas tamb\u00e9m pode ajudar o Brasil a expandir a produ\u00e7\u00e3o sem avan\u00e7ar sobre a vegeta\u00e7\u00e3o nativa, fortalecendo a imagem do cacau nacional nos mercados internacionais.<\/p>\n\n\n\n<h5 class=\"wp-block-heading\">Sustentabilidade torna-se ativo comercial<\/h5>\n\n\n\n<p>Al\u00e9m dos benef\u00edcios ambientais, a ado\u00e7\u00e3o de pr\u00e1ticas sustent\u00e1veis passou a influenciar diretamente a capacidade de acesso aos principais mercados consumidores.<\/p>\n\n\n\n<p>Empresas e importadores buscam fornecedores capazes de apresentar informa\u00e7\u00f5es precisas sobre origem, conformidade ambiental e condi\u00e7\u00f5es de produ\u00e7\u00e3o. Dessa forma, rastreabilidade, regularidade fundi\u00e1ria e controle da cadeia deixam de representar apenas compromissos ambientais e passam a funcionar como ativos comerciais.<\/p>\n\n\n\n<p>Para a cacauicultura brasileira, esse movimento abre oportunidades de valoriza\u00e7\u00e3o do produto, diferencia\u00e7\u00e3o da origem e constru\u00e7\u00e3o de contratos com compradores que exigem padr\u00f5es elevados de sustentabilidade.<\/p>\n\n\n\n<h5 class=\"wp-block-heading\">Bioeconomia pode gerar mais renda no campo<\/h5>\n\n\n\n<p>A associa\u00e7\u00e3o entre ci\u00eancia, sustentabilidade e bioeconomia tamb\u00e9m pode ampliar a renda dos produtores. Al\u00e9m da comercializa\u00e7\u00e3o das am\u00eandoas, o aproveitamento de subprodutos e o desenvolvimento de chocolates com origem identificada criam novas possibilidades de agrega\u00e7\u00e3o de valor.<\/p>\n\n\n\n<p>Esse avan\u00e7o depende de investimentos em assist\u00eancia t\u00e9cnica, tecnologia, certifica\u00e7\u00e3o, organiza\u00e7\u00e3o dos produtores e sistemas de monitoramento. A integra\u00e7\u00e3o entre agricultores, cooperativas, ind\u00fastrias, institui\u00e7\u00f5es de pesquisa e poder p\u00fablico ser\u00e1 decisiva para transformar o potencial brasileiro em participa\u00e7\u00e3o efetiva no com\u00e9rcio internacional.<\/p>\n\n\n\n<h5 class=\"wp-block-heading\">Brasil pode ampliar presen\u00e7a no mercado internacional de cacau<\/h5>\n\n\n\n<p>Com ampla parcela de sua \u00e1rea produtora apta a atender \u00e0s exig\u00eancias europeias, o Brasil pode fortalecer sua posi\u00e7\u00e3o como fornecedor de cacau sustent\u00e1vel e rastre\u00e1vel.<\/p>\n\n\n\n<p>O desafio ser\u00e1 converter os diferenciais ambientais da produ\u00e7\u00e3o em maior volume exportado, melhores pre\u00e7os e renda para os produtores. Nesse processo, a recupera\u00e7\u00e3o de \u00e1reas degradadas e a comprova\u00e7\u00e3o da origem do cacau podem colocar o pa\u00eds entre as refer\u00eancias globais de uma cadeia produtiva de baixo impacto ambiental.<\/p>\n\n\n\n<p>Os debates realizados durante a ExpoCacau 2026, incluindo o epis\u00f3dio dedicado ao futuro da cacauicultura, est\u00e3o dispon\u00edveis no canal oficial da Nestl\u00e9 Brasil no YouTube.<\/p>\n\n\n\n<p>Fonte: Portal do Agroneg\u00f3cio<\/p>\n","protected":false},"excerpt":{"rendered":"<p>O cacau brasileiro re\u00fane condi\u00e7\u00f5es estrat\u00e9gicas para ampliar sua participa\u00e7\u00e3o no mercado europeu. A combina\u00e7\u00e3o entre produ\u00e7\u00e3o sustent\u00e1vel, rastreabilidade e cultivo em \u00e1reas anteriormente degradadas fortalece a competitividade do pa\u00eds diante das novas exig\u00eancias ambientais do com\u00e9rcio internacional. Durante a ExpoCacau 2026, o presidente executivo da Associa\u00e7\u00e3o Brasileira da Ind\u00fastria de Chocolates, Amendoim e Balas [&hellip;]<\/p>\n","protected":false},"author":3,"featured_media":14781,"comment_status":"open","ping_status":"open","sticky":false,"template":"","format":"standard","meta":{"footnotes":""},"categories":[19],"tags":[956],"class_list":["post-14780","post","type-post","status-publish","format-standard","has-post-thumbnail","hentry","category-politica","tag-importante"],"_links":{"self":[{"href":"https:\/\/diarionews.com.br\/index.php?rest_route=\/wp\/v2\/posts\/14780","targetHints":{"allow":["GET"]}}],"collection":[{"href":"https:\/\/diarionews.com.br\/index.php?rest_route=\/wp\/v2\/posts"}],"about":[{"href":"https:\/\/diarionews.com.br\/index.php?rest_route=\/wp\/v2\/types\/post"}],"author":[{"embeddable":true,"href":"https:\/\/diarionews.com.br\/index.php?rest_route=\/wp\/v2\/users\/3"}],"replies":[{"embeddable":true,"href":"https:\/\/diarionews.com.br\/index.php?rest_route=%2Fwp%2Fv2%2Fcomments&post=14780"}],"version-history":[{"count":1,"href":"https:\/\/diarionews.com.br\/index.php?rest_route=\/wp\/v2\/posts\/14780\/revisions"}],"predecessor-version":[{"id":14782,"href":"https:\/\/diarionews.com.br\/index.php?rest_route=\/wp\/v2\/posts\/14780\/revisions\/14782"}],"wp:featuredmedia":[{"embeddable":true,"href":"https:\/\/diarionews.com.br\/index.php?rest_route=\/wp\/v2\/media\/14781"}],"wp:attachment":[{"href":"https:\/\/diarionews.com.br\/index.php?rest_route=%2Fwp%2Fv2%2Fmedia&parent=14780"}],"wp:term":[{"taxonomy":"category","embeddable":true,"href":"https:\/\/diarionews.com.br\/index.php?rest_route=%2Fwp%2Fv2%2Fcategories&post=14780"},{"taxonomy":"post_tag","embeddable":true,"href":"https:\/\/diarionews.com.br\/index.php?rest_route=%2Fwp%2Fv2%2Ftags&post=14780"}],"curies":[{"name":"wp","href":"https:\/\/api.w.org\/{rel}","templated":true}]}}