{"id":14777,"date":"2026-09-04T13:39:00","date_gmt":"2026-09-04T17:39:00","guid":{"rendered":"https:\/\/diarionews.com.br\/?p=14777"},"modified":"2026-09-04T06:41:18","modified_gmt":"2026-09-04T10:41:18","slug":"suicidio-faz-uma-vitima-a-cada-40-segundos-atendimento-gratuito-e-direito-garantido","status":"publish","type":"post","link":"https:\/\/diarionews.com.br\/?p=14777","title":{"rendered":"Suic\u00eddio faz uma v\u00edtima a cada 40 segundos; atendimento gratuito \u00e9 direito garantido"},"content":{"rendered":"\n<p>Uma pessoa morre por suic\u00eddio a cada 40 segundos no mundo. O dado da Organiza\u00e7\u00e3o Mundial da Sa\u00fade (OMS) revela a dimens\u00e3o de um problema que exige aten\u00e7\u00e3o permanente e refor\u00e7a a import\u00e2ncia da preven\u00e7\u00e3o e do acesso aos servi\u00e7os p\u00fablicos de sa\u00fade mental. No \u201cSetembro Amarelo\u201d, m\u00eas da campanha dedicada \u00e0 conscientiza\u00e7\u00e3o e preven\u00e7\u00e3o do suic\u00eddio, a Defensoria P\u00fablica do Estado de Mato Grosso (DPEMT) orienta que pessoas em sofrimento ps\u00edquico busquem ajuda qualificada ao menor sinal do problema.&nbsp;A DPEMT atua, administrativa e juridicamente, para garantir o acesso aos servi\u00e7os de sa\u00fade mental sempre que as pessoas enfrentarem dificuldades para obt\u00ea-los.<\/p>\n\n\n\n<p>O coordenador do Grupo de Atua\u00e7\u00e3o Estrat\u00e9gica em Direitos Coletivos e Sa\u00fade Mental (Gaedic Sa\u00fade Mental), defensor p\u00fablico Denis Thomaz, afirma que falar sobre o tema de forma respons\u00e1vel \u00e9 uma das principais estrat\u00e9gias de preven\u00e7\u00e3o para um problema que registra aproximadamente 800 mil mortes, por ano, no mundo segundo o relat\u00f3rio da OMS, \u201c<a href=\"https:\/\/iris.who.int\/server\/api\/core\/bitstreams\/5de3a5b1-81fb-4d1a-ab5d-6bf4af131aec\/content\" target=\"_blank\" rel=\"noopener\">Suic\u00eddio no mundo: Estimativas Globais de Sa\u00fade<\/a>\u201d. No Brasil, acontece uma morte por suic\u00eddio a cada 45 minutos segundo dados do grupo de trabalho da C\u00e2mara dos Deputados destinado ao estudo sobre o aumento de suic\u00eddio. Thomaz lembra que a OMS classifica o suic\u00eddio como um grave problema de sa\u00fade p\u00fablica global e destaca que sua preven\u00e7\u00e3o depende de a\u00e7\u00f5es integradas, incluindo identifica\u00e7\u00e3o precoce, acompanhamento e fortalecimento das redes de prote\u00e7\u00e3o.<\/p>\n\n\n\n<p>\u201cO Setembro Amarelo n\u00e3o \u00e9 s\u00f3 um m\u00eas para fazermos campanhas, mas \u00e9 o m\u00eas que n\u00f3s devemos falar sobre o tema. A melhor forma de preven\u00e7\u00e3o para esse problema \u00e9 falar sobre o assunto. Essas pessoas precisam falar do seu sofrimento para encontrarem tratamento adequado a tempo de terem suas vidas salvas\u201d, afirmou.<\/p>\n\n\n\n<p>O defensor explica que a sa\u00fade mental integra a pol\u00edtica p\u00fablica do Sistema \u00danico de Sa\u00fade (SUS), por meio da Rede de Aten\u00e7\u00e3o Psicossocial (RAPS), que re\u00fane servi\u00e7os como unidades b\u00e1sicas de sa\u00fade, centros especializados, hospitais e Centros de Aten\u00e7\u00e3o Psicossocial (CAPS). Ele ressalta que n\u00e3o \u00e9 necess\u00e1rio esperar uma situa\u00e7\u00e3o extrema para buscar atendimento e que os sinais de sofrimento mental devem ser observados e tratados o quanto antes, evitando o agravamento do quadro. E, no caso do servi\u00e7o n\u00e3o ser prestado, a Defensoria P\u00fablica pode ser acionada para garantir o acesso.<\/p>\n\n\n\n<p>\u201cA pessoa que tem alguma defici\u00eancia psicossocial ou est\u00e1 em algum sofrimento ps\u00edquico, deve saber que a primeira coisa que ela tem que fazer \u00e9 procurar ajuda. E, se essa pessoa n\u00e3o tiver condi\u00e7\u00f5es de procurar ajuda, o familiar tem que auxiliar. Onde a pessoa tem que ir? Na unidade de sa\u00fade b\u00e1sica do seu bairro, no Posto de Sa\u00fade, que \u00e9 a aten\u00e7\u00e3o prim\u00e1ria. L\u00e1, o m\u00e9dico far\u00e1 os encaminhamentos. Tem v\u00e1rios graus de adoecimento e os sinais se manifestam de alguma forma. Tamb\u00e9m \u00e9 importante saber que se a pessoa estiver em surto, \u00e9 necess\u00e1rio chamar o Samu. O importante \u00e9 buscar ajuda e se n\u00e3o conseguir, nos acionar\u201d, disse.<br><img decoding=\"async\" src=\"blob:https:\/\/diarionews.com.br\/3719972d-7c5c-4a14-89bf-42dd004d24ae\"><\/p>\n\n\n\n<p><strong>Modernidade<\/strong>&nbsp;&#8211; Manter a sa\u00fade mental tornou-se um dos grandes desafios da sociedade atual diante da rotina marcada por sobrecarga emocional, press\u00f5es pessoais e profissionais, incertezas sobre o futuro, isolamento, dificuldades financeiras e o enfraquecimento dos v\u00ednculos sociais. Al\u00e9m desses fatores, as pessoas tamb\u00e9m s\u00e3o impactadas pelos transtornos mentais que exigem acompanhamento especializado, como depress\u00e3o, transtornos de ansiedade, transtorno bipolar, esquizofrenia, psicopatia e outros. Mas, o defensor chama aten\u00e7\u00e3o para os impactos sociais e emocionais causados por um novo fen\u00f4meno, o avan\u00e7o no uso das plataformas de apostas on-line, conhecidas como bets.&nbsp;<\/p>\n\n\n\n<p>\u201cHoje n\u00f3s temos as bets que t\u00eam levado ao decl\u00ednio de toda a sociedade e da fam\u00edlia e tem gerado problemas psicol\u00f3gicos severos que mostram a necessidade de tratamento\u201d, afirmou. Segundo Thomaz, o uso dessas plataformas, aliado a estrat\u00e9gias de tecnologia e publicidade voltadas \u00e0 reten\u00e7\u00e3o dos usu\u00e1rios, inclusive pessoas mais jovens, representa uma preocupa\u00e7\u00e3o crescente quando associado ao sofrimento ps\u00edquico.&nbsp;<\/p>\n\n\n\n<p>O defensor explica que a preocupa\u00e7\u00e3o com as apostas digitais \u00e9 crescente e que o Minist\u00e9rio da Sa\u00fade j\u00e1 alerta que o uso problem\u00e1tico delas causa problemas mentais, financeiros, de rotina e nas rela\u00e7\u00f5es familiares e sociais. Diante dos antigos e dos novos desafios, Thomaz informa que o servi\u00e7o p\u00fablico deve estar dispon\u00edvel para o atendimento do cidad\u00e3o, por suas v\u00e1rias entradas. Mas, quando o cidad\u00e3o encontra dificuldades para conseguir atendimento como consulta, tratamento ou outro servi\u00e7o relacionado \u00e0 sa\u00fade mental, a Defensoria P\u00fablica deve atuar para garantir o acesso das pessoas aos servi\u00e7os. \u201cNo caso de omiss\u00e3o do poder p\u00fablico em geral, a Defensoria P\u00fablica est\u00e1 de portas abertas para atender a popula\u00e7\u00e3o\u201d, disse.&nbsp;<\/p>\n\n\n\n<p><strong>Alerta<\/strong>&nbsp;&#8211; A campanha, realizada durante todo o m\u00eas de setembro, tem como marco o Dia Mundial de Preven\u00e7\u00e3o ao Suic\u00eddio, celebrado em 10 de setembro. Ela \u00e9 voltada \u00e0 sensibiliza\u00e7\u00e3o da sociedade, ao combate ao preconceito e ao incentivo para que pessoas que enfrentam sofrimento emocional busquem ajuda.<\/p>\n\n\n\n<p>Em Mato Grosso, dados da Secretaria de Estado de Sa\u00fade apontam que, em 2024, foram registradas 1.873 notifica\u00e7\u00f5es de viol\u00eancia autoprovocada e 315 \u00f3bitos por viol\u00eancia autoprovocada intencionalmente. Para Denis Thomaz, esses n\u00fameros refor\u00e7am a necessidade de fortalecer pol\u00edticas p\u00fablicas permanentes de sa\u00fade mental e ampliar o acesso da popula\u00e7\u00e3o aos servi\u00e7os especializados.<\/p>\n\n\n\n<p><strong>Gaedic<\/strong>&nbsp;&#8211; O defensor explica que o Grupo Estrat\u00e9gico atua no fortalecimento das pol\u00edticas p\u00fablicas de sa\u00fade mental e que ele foi criado diante do aumento da procura por servi\u00e7os relacionados ao tema. \u201cO Gaedic atua na fiscaliza\u00e7\u00e3o, no monitoramento e no aux\u00edlio \u00e0 implementa\u00e7\u00e3o de pol\u00edticas p\u00fablicas destinadas \u00e0s pessoas em sofrimento ps\u00edquico. O grupo trabalha para solucionar situa\u00e7\u00f5es de omiss\u00e3o ou insufici\u00eancia na execu\u00e7\u00e3o, pelo Poder P\u00fablico, das pol\u00edticas p\u00fablicas estabelecidas na legisla\u00e7\u00e3o\u201d, disse.&nbsp;<img decoding=\"async\" src=\"blob:https:\/\/diarionews.com.br\/572d6707-6071-4be2-b5fb-7948edd2f8fd\"><\/p>\n\n\n\n<p><strong>Vulnerabilidade<\/strong>&nbsp;&#8211; O defensor p\u00fablico que atua em Porto Alegre do Norte, Geraldo Vendramini, destaca que fatores sociais e familiares podem intensificar situa\u00e7\u00f5es de sofrimento emocional e aumentar a vulnerabilidade de pessoas que j\u00e1 enfrentam dificuldades.&nbsp;<\/p>\n\n\n\n<p>\u201cA situa\u00e7\u00e3o de extrema vulnerabilidade \u00e9, sem d\u00favida, um forte catalisador para pensamentos suicidas. A imprevisibilidade quanto ao presente e ao futuro gera uma ang\u00fastia profunda. Vemos isso diariamente: crian\u00e7as e adolescentes que sofrem abusos no pr\u00f3prio seio familiar, onde deveriam encontrar prote\u00e7\u00e3o, fam\u00edlias desestruturadas e o impacto devastador do alcoolismo. Todos esses fatores s\u00e3o elementos depressores e que levam as pessoas a pensar em formas de interromper o sofrimento\u201d, relata.&nbsp;<\/p>\n\n\n\n<p>Para Vendramini, a atua\u00e7\u00e3o da Defensoria P\u00fablica \u00e9 diferenciada por exigir de seus profissionais que a atua\u00e7\u00e3o v\u00e1 al\u00e9m da defesa judicial de direitos e oferte tamb\u00e9m, acolhimento e escuta das pessoas que procuram a institui\u00e7\u00e3o. \u201cNesse cen\u00e1rio de escurid\u00e3o, a Defensoria P\u00fablica surge como um farol de esperan\u00e7a para quem, h\u00e1 muito tempo, n\u00e3o conta com nenhum tipo de apoio. Nosso papel vai muito al\u00e9m do processo judicial; ele come\u00e7a na escuta atenta, no acolhimento humano e na promo\u00e7\u00e3o de dignidade, pois as pessoas que nos procuram s\u00e3o geralmente pessoas sofridas, que viveram circunst\u00e2ncias desfavor\u00e1veis e muitas vezes, cru\u00e9is, na vida\u201d.<\/p>\n\n\n\n<p>O defensor relata que, ao longo da atua\u00e7\u00e3o profissional, acompanhou situa\u00e7\u00f5es em que a garantia de um direito representou uma mudan\u00e7a significativa no rumo de vidas. \u201cQuando um assistido consegue uma senten\u00e7a favor\u00e1vel ou alcan\u00e7a um direito pelo qual tanto lutou, o al\u00edvio \u00e9 imediato. \u00c9 vis\u00edvel no retorno dessas pessoas. Percebemos que a ansiedade diminui, o semblante muda e a fisionomia ganha vida novamente. Cotidianamente, vejo que a atua\u00e7\u00e3o da Defensoria previne, sim, o suic\u00eddio ao devolver a raz\u00e3o para essas pessoas recome\u00e7arem\u201d, avalia.&nbsp;<\/p>\n\n\n\n<p>Entre os casos que marcaram sua trajet\u00f3ria, Vendramini cita a situa\u00e7\u00e3o de um casal que buscava a ado\u00e7\u00e3o de uma crian\u00e7a e relatou enfrentar pensamentos autodestrutivos. Ap\u00f3s a conclus\u00e3o do processo, intermediado pela Defensoria, a fam\u00edlia relatou ter recuperado o sentido para suas vidas. \u201cPara mim, esse caso foi uma prova de que acolher e garantir direitos salva vidas.<\/p>\n\n\n\n<p><strong>Atua\u00e7\u00e3o<\/strong>&nbsp;&#8211; Al\u00e9m do atendimento individual, a Defensoria P\u00fablica tamb\u00e9m atua na cobran\u00e7a para que munic\u00edpios e Estado implementem adequadamente os servi\u00e7os previstos na pol\u00edtica nacional de sa\u00fade mental. Por meio do Gaedic o defensor Thomaz explica que tem ingressado com a\u00e7\u00f5es civis p\u00fablicas para exigir a estrutura\u00e7\u00e3o de servi\u00e7os quando identificada a aus\u00eancia ou insufici\u00eancia da rede de atendimento. Ele afirma que a implementa\u00e7\u00e3o da Rede de Aten\u00e7\u00e3o Psicossocial depende de equipamentos adequados, profissionais capacitados e compromisso dos gestores p\u00fablicos. \u201cA sa\u00fade mental precisa ser tratada como uma pol\u00edtica permanente. A pessoa que est\u00e1 sofrendo precisa saber que existe ajuda e que ela n\u00e3o est\u00e1 sozinha\u201d, refor\u00e7ou.<\/p>\n\n\n\n<p>A Defensoria P\u00fablica oferece atendimento para pessoas que precisam de orienta\u00e7\u00e3o para acesso aos servi\u00e7os de sa\u00fade, incluindo demandas relacionadas \u00e0 sa\u00fade mental. O cidad\u00e3o pode procurar os canais institucionais da Defensoria, atendimento presencial ou&nbsp;<strong>WhatsApp: (65) 99963-4454<\/strong>. Pessoas que estiverem passando por sofrimento emocional podem procurar atendimento nas unidades de sa\u00fade, Centros de Aten\u00e7\u00e3o Psicossocial (CAPS) e demais servi\u00e7os da Rede de Aten\u00e7\u00e3o Psicossocial (RAPS). O Centro de Valoriza\u00e7\u00e3o da Vida (CVV) oferece apoio emocional gratuito pelo telefone 188, com atendimento 24 horas. Em situa\u00e7\u00f5es de urg\u00eancia ou emerg\u00eancia, a orienta\u00e7\u00e3o \u00e9 acionar o Samu, pelo 192, ou procurar uma unidade de pronto atendimento.&nbsp;<\/p>\n\n\n\n<p>Assessoria<\/p>\n","protected":false},"excerpt":{"rendered":"<p>Uma pessoa morre por suic\u00eddio a cada 40 segundos no mundo. O dado da Organiza\u00e7\u00e3o Mundial da Sa\u00fade (OMS) revela a dimens\u00e3o de um problema que exige aten\u00e7\u00e3o permanente e refor\u00e7a a import\u00e2ncia da preven\u00e7\u00e3o e do acesso aos servi\u00e7os p\u00fablicos de sa\u00fade mental. No \u201cSetembro Amarelo\u201d, m\u00eas da campanha dedicada \u00e0 conscientiza\u00e7\u00e3o e preven\u00e7\u00e3o [&hellip;]<\/p>\n","protected":false},"author":3,"featured_media":14778,"comment_status":"open","ping_status":"open","sticky":false,"template":"","format":"standard","meta":{"footnotes":""},"categories":[18],"tags":[956],"class_list":["post-14777","post","type-post","status-publish","format-standard","has-post-thumbnail","hentry","category-estaduais","tag-importante"],"_links":{"self":[{"href":"https:\/\/diarionews.com.br\/index.php?rest_route=\/wp\/v2\/posts\/14777","targetHints":{"allow":["GET"]}}],"collection":[{"href":"https:\/\/diarionews.com.br\/index.php?rest_route=\/wp\/v2\/posts"}],"about":[{"href":"https:\/\/diarionews.com.br\/index.php?rest_route=\/wp\/v2\/types\/post"}],"author":[{"embeddable":true,"href":"https:\/\/diarionews.com.br\/index.php?rest_route=\/wp\/v2\/users\/3"}],"replies":[{"embeddable":true,"href":"https:\/\/diarionews.com.br\/index.php?rest_route=%2Fwp%2Fv2%2Fcomments&post=14777"}],"version-history":[{"count":1,"href":"https:\/\/diarionews.com.br\/index.php?rest_route=\/wp\/v2\/posts\/14777\/revisions"}],"predecessor-version":[{"id":14779,"href":"https:\/\/diarionews.com.br\/index.php?rest_route=\/wp\/v2\/posts\/14777\/revisions\/14779"}],"wp:featuredmedia":[{"embeddable":true,"href":"https:\/\/diarionews.com.br\/index.php?rest_route=\/wp\/v2\/media\/14778"}],"wp:attachment":[{"href":"https:\/\/diarionews.com.br\/index.php?rest_route=%2Fwp%2Fv2%2Fmedia&parent=14777"}],"wp:term":[{"taxonomy":"category","embeddable":true,"href":"https:\/\/diarionews.com.br\/index.php?rest_route=%2Fwp%2Fv2%2Fcategories&post=14777"},{"taxonomy":"post_tag","embeddable":true,"href":"https:\/\/diarionews.com.br\/index.php?rest_route=%2Fwp%2Fv2%2Ftags&post=14777"}],"curies":[{"name":"wp","href":"https:\/\/api.w.org\/{rel}","templated":true}]}}