{"id":14760,"date":"2026-09-04T15:24:00","date_gmt":"2026-09-04T19:24:00","guid":{"rendered":"https:\/\/diarionews.com.br\/?p=14760"},"modified":"2026-09-05T21:33:51","modified_gmt":"2026-09-06T01:33:51","slug":"foragido-de-mato-grosso-apontado-como-lider-de-faccao-e-preso-no-paraguai","status":"publish","type":"post","link":"https:\/\/diarionews.com.br\/?p=14760","title":{"rendered":"Foragido de Mato Grosso apontado como l\u00edder de fac\u00e7\u00e3o \u00e9 preso no Paraguai"},"content":{"rendered":"\n<p>Jo\u00e3o Batista Vieira dos Santos, apontado pela Pol\u00edcia Civil de Mato Grosso como uma das lideran\u00e7as de uma fac\u00e7\u00e3o criminosa investigada na Opera\u00e7\u00e3o Raspa Brasil, foi preso nesta quinta-feira (3), em Assun\u00e7\u00e3o, no Paraguai. A captura ocorreu durante uma a\u00e7\u00e3o integrada entre a Pol\u00edcia Civil de Mato Grosso, a Pol\u00edcia Nacional do Paraguai e a Drug Enforcement Administration (DEA), dos Estados Unidos.<\/p>\n\n\n\n<p>A pris\u00e3o foi realizada em cumprimento a um mandado de pris\u00e3o preventiva expedido pela Justi\u00e7a. Segundo as investiga\u00e7\u00f5es, Jo\u00e3o Batista estava foragido e utilizava documenta\u00e7\u00e3o falsa para permanecer escondido. A mesma pr\u00e1tica j\u00e1 havia sido identificada em fevereiro de 2023, quando ele foi localizado em Pontes e Lacerda, em Mato Grosso, utilizando um documento p\u00fablico falsificado.<\/p>\n\n\n\n<p>O investigado possui hist\u00f3rico de envolvimento em diferentes apura\u00e7\u00f5es conduzidas pelas for\u00e7as de seguran\u00e7a. Em outubro de 2025, equipes da Ger\u00eancia de Combate ao Crime Organizado (GCCO\/Draco) apreenderam quase duas toneladas de maconha em uma ch\u00e1cara vinculada a Jo\u00e3o Batista. Na ocasi\u00e3o, quatro pessoas foram presas.<\/p>\n\n\n\n<p>O nome dele tamb\u00e9m aparece em uma investiga\u00e7\u00e3o sobre um roubo a institui\u00e7\u00e3o financeira na modalidade conhecida como \u201cNovo Canga\u00e7o\u201d. Em 2022, Jo\u00e3o Batista foi citado ainda no caso da escava\u00e7\u00e3o de um t\u00fanel de aproximadamente 257 metros, constru\u00eddo a partir de uma resid\u00eancia em Cuiab\u00e1 em dire\u00e7\u00e3o \u00e0 Penitenci\u00e1ria Central do Estado (PCE). Conforme as investiga\u00e7\u00f5es, a estrutura seria utilizada para tentar resgatar integrantes da fac\u00e7\u00e3o que estavam presos na unidade.<\/p>\n\n\n\n<p>Outra frente da investiga\u00e7\u00e3o envolve o esquema de raspadinhas ilegais denominado \u201cRaspa Brasil Nacional\u201d. Segundo a GCCO\/Draco, Jo\u00e3o Batista era apontado como coordenador estadual da atividade e teria participa\u00e7\u00e3o na administra\u00e7\u00e3o dos recursos, na defini\u00e7\u00e3o de diretrizes financeiras e na expans\u00e3o do esquema em Mato Grosso.<\/p>\n\n\n\n<p>Durante os trabalhos investigativos, monitoramentos teriam registrado o suspeito transportando banners e materiais utilizados na divulga\u00e7\u00e3o das raspadinhas. A an\u00e1lise de aparelhos celulares tamb\u00e9m teria identificado videochamadas e comunica\u00e7\u00f5es com outros integrantes. Conforme a investiga\u00e7\u00e3o, eram cobradas informa\u00e7\u00f5es sobre estabelecimentos comerciais, quantidade de bilhetes distribu\u00eddos, valores arrecadados e percentuais de repasse.<\/p>\n\n\n\n<p>Ap\u00f3s deixar Mato Grosso, Jo\u00e3o Batista teria passado pelo Rio de Janeiro antes de deixar o Brasil e seguir para o Paraguai. Mesmo durante o per\u00edodo em que esteve foragido, segundo a Pol\u00edcia Civil, ele continuou utilizando redes sociais com identidades falsas e mantendo contatos que, de acordo com os investigadores, indicariam a continuidade de sua atua\u00e7\u00e3o na organiza\u00e7\u00e3o criminosa.<\/p>\n\n\n\n<p>A investiga\u00e7\u00e3o tamb\u00e9m envolve uma quest\u00e3o relacionada a laudos de sa\u00fade apresentados pelo investigado em processos judiciais. De acordo com a GCCO\/Draco, informa\u00e7\u00f5es reunidas durante o per\u00edodo em que ele permaneceu foragido, incluindo participa\u00e7\u00e3o em videochamadas, transmiss\u00e3o de orienta\u00e7\u00f5es e cobran\u00e7as a integrantes do grupo, foram encaminhadas \u00e0s autoridades competentes para subsidiar eventual revis\u00e3o dos laudos.<\/p>\n\n\n\n<p>Com a pris\u00e3o realizada em Assun\u00e7\u00e3o, dever\u00e3o ser adotados os procedimentos de coopera\u00e7\u00e3o internacional necess\u00e1rios para o cumprimento das ordens judiciais existentes contra Jo\u00e3o Batista Vieira dos Santos. O caso segue sob investiga\u00e7\u00e3o das autoridades brasileiras e estrangeiras envolvidas na opera\u00e7\u00e3o.<\/p>\n","protected":false},"excerpt":{"rendered":"<p>Jo\u00e3o Batista Vieira dos Santos, apontado pela Pol\u00edcia Civil de Mato Grosso como uma das lideran\u00e7as de uma fac\u00e7\u00e3o criminosa investigada na Opera\u00e7\u00e3o Raspa Brasil, foi preso nesta quinta-feira (3), em Assun\u00e7\u00e3o, no Paraguai. A captura ocorreu durante uma a\u00e7\u00e3o integrada entre a Pol\u00edcia Civil de Mato Grosso, a Pol\u00edcia Nacional do Paraguai e a [&hellip;]<\/p>\n","protected":false},"author":3,"featured_media":14761,"comment_status":"open","ping_status":"open","sticky":false,"template":"","format":"standard","meta":{"footnotes":""},"categories":[14],"tags":[],"class_list":["post-14760","post","type-post","status-publish","format-standard","has-post-thumbnail","hentry","category-policia"],"_links":{"self":[{"href":"https:\/\/diarionews.com.br\/index.php?rest_route=\/wp\/v2\/posts\/14760","targetHints":{"allow":["GET"]}}],"collection":[{"href":"https:\/\/diarionews.com.br\/index.php?rest_route=\/wp\/v2\/posts"}],"about":[{"href":"https:\/\/diarionews.com.br\/index.php?rest_route=\/wp\/v2\/types\/post"}],"author":[{"embeddable":true,"href":"https:\/\/diarionews.com.br\/index.php?rest_route=\/wp\/v2\/users\/3"}],"replies":[{"embeddable":true,"href":"https:\/\/diarionews.com.br\/index.php?rest_route=%2Fwp%2Fv2%2Fcomments&post=14760"}],"version-history":[{"count":1,"href":"https:\/\/diarionews.com.br\/index.php?rest_route=\/wp\/v2\/posts\/14760\/revisions"}],"predecessor-version":[{"id":14762,"href":"https:\/\/diarionews.com.br\/index.php?rest_route=\/wp\/v2\/posts\/14760\/revisions\/14762"}],"wp:featuredmedia":[{"embeddable":true,"href":"https:\/\/diarionews.com.br\/index.php?rest_route=\/wp\/v2\/media\/14761"}],"wp:attachment":[{"href":"https:\/\/diarionews.com.br\/index.php?rest_route=%2Fwp%2Fv2%2Fmedia&parent=14760"}],"wp:term":[{"taxonomy":"category","embeddable":true,"href":"https:\/\/diarionews.com.br\/index.php?rest_route=%2Fwp%2Fv2%2Fcategories&post=14760"},{"taxonomy":"post_tag","embeddable":true,"href":"https:\/\/diarionews.com.br\/index.php?rest_route=%2Fwp%2Fv2%2Ftags&post=14760"}],"curies":[{"name":"wp","href":"https:\/\/api.w.org\/{rel}","templated":true}]}}