{"id":14752,"date":"2026-09-04T08:17:00","date_gmt":"2026-09-04T12:17:00","guid":{"rendered":"https:\/\/diarionews.com.br\/?p=14752"},"modified":"2026-09-04T06:17:50","modified_gmt":"2026-09-04T10:17:50","slug":"nova-mutum-cancela-desfile-de-7-de-setembro-por-causa-do-calor-e-tempo-seco","status":"publish","type":"post","link":"https:\/\/diarionews.com.br\/?p=14752","title":{"rendered":"Nova Mutum cancela desfile de 7 de Setembro por causa do calor e tempo seco"},"content":{"rendered":"\n<p>A Prefeitura de Nova Mutum confirmou que o tradicional desfile c\u00edvico de 7 de Setembro n\u00e3o ser\u00e1 realizado neste ano no munic\u00edpio. A decis\u00e3o foi tomada em raz\u00e3o das condi\u00e7\u00f5es clim\u00e1ticas previstas para os pr\u00f3ximos dias, com temperaturas elevadas e umidade relativa do ar baixa. A informa\u00e7\u00e3o foi divulgada na quinta-feira (3), pela Alvorada MT.<\/p>\n\n\n\n<p>Segundo a administra\u00e7\u00e3o municipal, a umidade relativa do ar deve ficar em torno de 15%, enquanto as temperaturas podem se aproximar dos 40\u00b0C durante o per\u00edodo diurno. Diante desse cen\u00e1rio, a Prefeitura avaliou que a realiza\u00e7\u00e3o de uma atividade prolongada ao ar livre poderia representar riscos \u00e0 sa\u00fade dos estudantes e das demais pessoas envolvidas na programa\u00e7\u00e3o.<\/p>\n\n\n\n<p>O cancelamento vale para a rede municipal de ensino, que n\u00e3o participar\u00e1 do desfile neste ano. A decis\u00e3o ocorre \u00e0s v\u00e9speras do feriado da Independ\u00eancia do Brasil, celebrado em 7 de setembro, e interrompe temporariamente uma programa\u00e7\u00e3o tradicional do munic\u00edpio.<\/p>\n\n\n\n<p>Na rede estadual, tamb\u00e9m n\u00e3o haver\u00e1 desfile aberto ao p\u00fablico em Nova Mutum. Conforme apura\u00e7\u00e3o da reportagem, a Escola Estadual C\u00edvico-Militar Jos\u00e9 Aparecido Ribeiro dever\u00e1 realizar uma apresenta\u00e7\u00e3o interna nesta sexta-feira (4). A atividade ser\u00e1 restrita ao ambiente escolar e n\u00e3o ter\u00e1 o formato de desfile aberto \u00e0 comunidade.<\/p>\n\n\n\n<p>A preocupa\u00e7\u00e3o com o calor e a baixa umidade acompanha as condi\u00e7\u00f5es meteorol\u00f3gicas previstas para Mato Grosso. Em boletim divulgado em 3 de setembro, o Instituto Nacional de Meteorologia (INMET) apontou temperaturas elevadas e condi\u00e7\u00f5es de instabilidade em partes do Centro-Oeste. Para setembro, o instituto prev\u00ea temperaturas m\u00e9dias acima da climatologia em \u00e1reas de Mato Grosso, com desvios de at\u00e9 1,5\u00b0C na faixa centro-leste do estado.<\/p>\n\n\n\n<p>A combina\u00e7\u00e3o de calor intenso e umidade pr\u00f3xima de 15% exige aten\u00e7\u00e3o principalmente durante atividades f\u00edsicas e per\u00edodos prolongados de exposi\u00e7\u00e3o ao sol. Crian\u00e7as e adolescentes est\u00e3o entre os grupos que demandam cuidados adicionais nessas condi\u00e7\u00f5es, especialmente quando as atividades ocorrem ao ar livre.<\/p>\n\n\n\n<p>Com a decis\u00e3o, Nova Mutum ficar\u00e1 sem o tradicional desfile c\u00edvico de 7 de Setembro em 2026. A medida foi adotada como precau\u00e7\u00e3o diante da previs\u00e3o de calor pr\u00f3ximo dos 40\u00b0C e baixa umidade, priorizando a seguran\u00e7a e a sa\u00fade dos estudantes e dos demais participantes.<\/p>\n","protected":false},"excerpt":{"rendered":"<p>A Prefeitura de Nova Mutum confirmou que o tradicional desfile c\u00edvico de 7 de Setembro n\u00e3o ser\u00e1 realizado neste ano no munic\u00edpio. A decis\u00e3o foi tomada em raz\u00e3o das condi\u00e7\u00f5es clim\u00e1ticas previstas para os pr\u00f3ximos dias, com temperaturas elevadas e umidade relativa do ar baixa. A informa\u00e7\u00e3o foi divulgada na quinta-feira (3), pela Alvorada MT. [&hellip;]<\/p>\n","protected":false},"author":3,"featured_media":14753,"comment_status":"open","ping_status":"open","sticky":false,"template":"","format":"standard","meta":{"footnotes":""},"categories":[21],"tags":[956],"class_list":["post-14752","post","type-post","status-publish","format-standard","has-post-thumbnail","hentry","category-regiao","tag-importante"],"_links":{"self":[{"href":"https:\/\/diarionews.com.br\/index.php?rest_route=\/wp\/v2\/posts\/14752","targetHints":{"allow":["GET"]}}],"collection":[{"href":"https:\/\/diarionews.com.br\/index.php?rest_route=\/wp\/v2\/posts"}],"about":[{"href":"https:\/\/diarionews.com.br\/index.php?rest_route=\/wp\/v2\/types\/post"}],"author":[{"embeddable":true,"href":"https:\/\/diarionews.com.br\/index.php?rest_route=\/wp\/v2\/users\/3"}],"replies":[{"embeddable":true,"href":"https:\/\/diarionews.com.br\/index.php?rest_route=%2Fwp%2Fv2%2Fcomments&post=14752"}],"version-history":[{"count":1,"href":"https:\/\/diarionews.com.br\/index.php?rest_route=\/wp\/v2\/posts\/14752\/revisions"}],"predecessor-version":[{"id":14754,"href":"https:\/\/diarionews.com.br\/index.php?rest_route=\/wp\/v2\/posts\/14752\/revisions\/14754"}],"wp:featuredmedia":[{"embeddable":true,"href":"https:\/\/diarionews.com.br\/index.php?rest_route=\/wp\/v2\/media\/14753"}],"wp:attachment":[{"href":"https:\/\/diarionews.com.br\/index.php?rest_route=%2Fwp%2Fv2%2Fmedia&parent=14752"}],"wp:term":[{"taxonomy":"category","embeddable":true,"href":"https:\/\/diarionews.com.br\/index.php?rest_route=%2Fwp%2Fv2%2Fcategories&post=14752"},{"taxonomy":"post_tag","embeddable":true,"href":"https:\/\/diarionews.com.br\/index.php?rest_route=%2Fwp%2Fv2%2Ftags&post=14752"}],"curies":[{"name":"wp","href":"https:\/\/api.w.org\/{rel}","templated":true}]}}